{"id":2263,"date":"2024-09-10T14:37:08","date_gmt":"2024-09-10T12:37:08","guid":{"rendered":"https:\/\/tellos.fr\/?p=2263"},"modified":"2024-12-11T14:22:44","modified_gmt":"2024-12-11T13:22:44","slug":"loffre-tellos-un-bouquet-denergies-decarbonees","status":"publish","type":"post","link":"https:\/\/tellos.fr\/en\/loffre-tellos-un-bouquet-denergies-decarbonees\/","title":{"rendered":"L\u2019offre TELLOS : un bouquet d\u2019\u00e9nergies d\u00e9carbon\u00e9es"},"content":{"rendered":"<p>Parce que le respect des ressources naturelles et la pr\u00e9servation des territoires sont inscrits dans son ADN, le Groupe TELLOS accompagne les <a href=\"https:\/\/www.smtpf.fr\/voirie-reseaux-divers\/smtpf-accompagne-aussi-les-collectivites-territoriales-sur-du-petit-chantier-vrd\/\">collectivit\u00e9s<\/a> et les <a href=\"https:\/\/www.smtpf.fr\/voirie-reseaux-divers\/smtpf-partenaire-vrd-des-industriels-de-moselle\/\">industriels<\/a> du Grand Est dans leur transition \u00e9nerg\u00e9tique. Solaire, g\u00e9othermie, \u00e9clairage public basse consommation\u00a0: offreur de solutions plurielles, il aide ses clients \u00e0 s\u2019affranchir des \u00e9nergies fossiles et \u00e0 s\u2019engager dans la d\u00e9carbonation. \u00a0<!--more--><\/p>\n<p>Le Groupe TELLOS, ancr\u00e9 en Alsace depuis plus de 40 ans, a pour c\u0153urs de m\u00e9tiers historiques le transport d\u2019\u00e9nergie et le d\u00e9veloppement d\u2019infrastructure r\u00e9seaux. R\u00e9flexion sur les sources d\u2019\u00e9nergie, mutualisation des r\u00e9seaux, limitation des pertes et optimisation des impacts positifs, liens avec des partenaires experts\u00a0: tout cela a conduit \u00e0 toujours enrichir l\u2019offre TELLOS face aux exigences du march\u00e9\u00a0!<\/p>\n<p>&nbsp;<\/p>\n<h3><strong>Solaire\u00a0: 25 MWc d\u2019\u00e9lectricit\u00e9 produits en Bas-Rhin et Moselle<\/strong><\/h3>\n<p>Gr\u00e2ce \u00e0 ses partenariats durables (et \u00e9coresponsables) avec les producteurs et exploitants d\u2019EnR tels que EDF Renouvelable, TELLOS contribue \u00e0 <strong>l\u2019installation et \u00e0 la maintenance r\u00e9seaux de parcs photovolta\u00efques<\/strong> d\u2019envergures, de centrales solaires communales, de b\u00e2timents publics ou encore de sites industriels.<\/p>\n<p><strong>Le Groupe allemand<\/strong> <strong>Bauder,<\/strong> l\u2019un des principaux sp\u00e9cialistes europ\u00e9ens de la toiture, a confi\u00e9 au Groupe TELLOS la pose et le raccordement des <strong>10\u00a0000 m<sup>2<\/sup> de panneaux solaires de son usine<\/strong> de membranes d&rsquo;\u00e9tanch\u00e9it\u00e9 bitumineuse. Le site industriel bas-carbone, unique en Europe et implant\u00e9 dans la ZAE 4.0 Axioparc, produira 1.9 MWh d\u2019\u00e9nergie renouvelable d\u00e8s sa mise en service. De quoi r\u00e9duire consid\u00e9rablement facture et d\u00e9pendances \u00e9nerg\u00e9tiques\u00a0!<\/p>\n<p>Panneaux au sol, toitures et ombri\u00e8res\u00a0en solaire conventionnel mais plus encore\u00a0: tourn\u00e9 vers la recherche et l\u2019innovation (R&amp;I), le Groupe n\u2019a de cesse d\u2019enrichir sa proposition de valeur. Jusqu\u2019\u00e0, aujourd\u2019hui, concevoir des r\u00e9seaux \u00e9lectriques \u00e9coresponsables en <strong>solaire flottant <\/strong>et en<strong> agrivolta\u00efque<\/strong>, deux technologies qui donneront aux industriels et collectivit\u00e9s territoriales du Grand-Est les moyens de revaloriser leur patrimoine foncier.<\/p>\n<hr \/>\n<p style=\"padding-left: 40px;\"><span style=\"color: #2ca942;\"><strong>Les \u00e9quipes TELLOS form\u00e9es \u00e0 l\u2019Institut\u00a0National de l\u2019\u00c9nergie Solaire<\/strong><\/span><br \/>\nEn Alsace, o\u00f9 les gravi\u00e8res et les lacs artificiels industriels en fin d\u2019exploitation sont nombreux, <a href=\"https:\/\/sogeca-tp.com\/le-photovoltaique-flottant-durable-et-locale\/\"><strong><u>le photovolta\u00efque flottant<\/u><\/strong><\/a> est LA solution appropri\u00e9. 5% plus productif, il garantit en plus la pr\u00e9servation de la biodiversit\u00e9 install\u00e9e. Les \u00e9quipes encadrantes et op\u00e9rationnelles de TELLOS, form\u00e9es au centre de recherche et d\u00e9veloppement de l\u2019INES (73), facilitent la conduite des projets d\u2019infrastructures flottantes <strong>d\u00e8s la phase d\u2019\u00e9tude<\/strong>, tr\u00e8s complexe \u00e0 engager, pour couvrir ensuite toutes les \u00e9tapes d\u2019installation technique.<\/p>\n<hr \/>\n<p>&nbsp;<\/p>\n<h3><strong>G\u00e9othermie\u00a0: une alternative aux chauffages \u00e9nergivores<\/strong><\/h3>\n<p>\u00c9lectricit\u00e9 verte mais aussi\u2026 chaleur verte. TELLOS, sp\u00e9cialiste des <strong>r\u00e9seaux de chauffage urbain aliment\u00e9s entre autre par r\u00e9cup\u00e9ration de chaleur fatale<\/strong> (\u00e9nergie des d\u00e9chets et r\u00e9siduel d\u2019industrie) et <strong>biomasse<\/strong><strong>, <\/strong>aide les collectivit\u00e9s territoriales \u00e0 produire leurs propres \u00e9nergies renouvelables, les <strong>eurom\u00e9tropoles de <a href=\"https:\/\/sogeca-tp.com\/realisations\/reseau-de-chauffage-de-strasbourg\/\">Strasbourg<\/a> et de <a href=\"https:\/\/tellos.fr\/en\/extension-du-reseau-de-chaleur-urbain-de-metz\/\">Metz<\/a><\/strong> par exemple\u00a0!<\/p>\n<p>Toujours en phase avec les besoins de la ville de demain, TELLOS va encore plus loin en contribuant au <strong>d\u00e9veloppement de la g\u00e9othermie de surface, une solution d\u2019EnR locale et in\u00e9puisable. <\/strong>Le principe\u00a0? Pr\u00e9lever la chaleur naturelle issue des nappes d\u2019eau souterraines puis la transf\u00e9rer dans le r\u00e9seau de chaleur urbain, existant ou \u00e0 cr\u00e9er, par le biais d\u2019une pompe \u00e0 chaleur.<\/p>\n<p>Avis aux collectivit\u00e9s publiques engag\u00e9es dans le d\u00e9veloppement durable et souhaitant acc\u00e9l\u00e9rer leur transition responsable, TELLOS est d\u00e9j\u00e0 intervenu chez plusieurs industriels alsaciens du Bas-Rhin :<\/p>\n<ul>\n<li>le g\u00e9ant allemand <strong>W\u00fcrth<\/strong>, historiquement \u00e9tabli \u00e0 Erstein et chauff\u00e9 en r\u00e9seau g\u00e9othermique aliment\u00e9 par pompes \u00e0 chaleur<\/li>\n<li>dans l\u2019usine <strong>Tryba <\/strong>de Gundershoffen, \u00e9quip\u00e9e d\u2019une unit\u00e9 de cog\u00e9n\u00e9ration<\/li>\n<\/ul>\n<p>TELLOS explore m\u00eame les opportunit\u00e9s offertes par la <strong>g\u00e9othermie profonde<\/strong>, rendue possible par une sp\u00e9cificit\u00e9 g\u00e9ologique locale. Il y a huit ans, le Groupe participait \u00e0 l\u2019installation du r\u00e9seau de la centrale de Rittershoffen qui depuis chauffe \u00e0 prix bas la bioraffinerie Roquette Fr\u00e8res de Beinheim ! Ce type de g\u00e9othermie, en Alsace, a fait \u00e9merger d\u2019autres projets, notamment la captation du lithium en solution, mati\u00e8re premi\u00e8re rare indispensable aux batteries, contenu dans les eaux g\u00e9othermales.<\/p>\n<p>&nbsp;<\/p>\n<h3><strong>\u00c9clairage intelligent\u00a0: 90% d\u2019\u00e9nergie \u00e9conomis\u00e9e<\/strong><\/h3>\n<p>Le Groupe TELLOS tire ses comp\u00e9tences de ses filiales, dont <a href=\"https:\/\/sogeca-tp.com\/maintenance-electrique-des-industries\/\"><u>SOGECA qui, entre autres m\u00e9tiers, propose de la maintenance \u00e9lectrique. <\/u><\/a>Cette valeur ajout\u00e9e prend tout son sens en mati\u00e8re d\u2019\u00e9clairage public et d\u2019am\u00e9nagement de la ville intelligente, toujours avec les m\u00eames objectifs RSE\u00a0: limiter la d\u00e9pendance et les factures \u00e9nerg\u00e9tiques, r\u00e9duire l\u2019impact sur l\u2019environnement et surtout accro\u00eetre le bien-\u00eatre de ses usagers.<\/p>\n<p>\u00c9clairage d\u2019ext\u00e9rieur ou industriels\u00a0? Relamping LED en pilotage intelligent\u00a0? Mobilier urbain connect\u00e9, aliment\u00e9 en photovolta\u00efque, favorisant confort et s\u00e9curit\u00e9 des usagers ? TELLOS fait tout, ou presque. <strong>Son offre multi-sp\u00e9cialiste combine toutes les expertises VRD pour remplacer ou cr\u00e9er un r\u00e9seau lumineux de A \u00e0 Z, de la d\u00e9pose de l\u2019ancien dispositif \u00e0 l\u2019installation des cand\u00e9labres, spots ou plots lumineux. <\/strong>Sans oublier la mise en application du syst\u00e8me de t\u00e9l\u00e9gestion. Le r\u00e9sultat\u00a0? Une qualit\u00e9 d\u2019\u00e9clairage trois fois sup\u00e9rieure et trois plus \u00e9conomique.<\/p>\n<p>Piste cyclable avec train lumineux LED \u00e9quip\u00e9 de d\u00e9tecteurs de mouvement dans la commune d\u2019Eschau\u00a0; optimisation et signal\u00e9tique lumineuse industrielle dans les entrep\u00f4ts de Rhenus Logistics \u00e0 Strasbourg\u00a0; renouvellement de l\u2019\u00e9clairage de la Compagnie des Transports Strasbourgeois : ils sont nombreux, dans la R\u00e9gion Grand-Est, \u00e0 confier \u00e0 TELLOS leurs r\u00e9seaux interconnect\u00e9s, lumineux mais pas que, l\u2019eau, le gaz, la fibre et plus si affinit\u00e9s\u00a0!<\/p>\n<hr \/>\n<p style=\"padding-left: 40px;\"><span style=\"color: #2ca942;\"><strong>TELLOS acc\u00e9l\u00e8re les transitions<\/strong><\/span><\/p>\n<ul>\n<li>Expertise TP de r\u00e9f\u00e9rence en infrastructures urbaines et industrie<\/li>\n<li>Bureaux d\u2019\u00e9tudes int\u00e9gr\u00e9s<\/li>\n<li>\u00c9quipes et mat\u00e9riels en propre<\/li>\n<li>Charte de chantier \u00e0 faible impact et proc\u00e9dures de management environnemental<\/li>\n<li>Achats responsables et usage de carburants verts<\/li>\n<li>R&amp;D, prospective et EnR d\u2019avenir, stations multiservices et Infrastructures de recharges pour v\u00e9hicules \u00e9lectrique (IRVE)<\/li>\n<\/ul>\n<hr \/>\n<p>&nbsp;<\/p>\n<p><strong>TELLOS, vos r\u00e9seaux, nos solutions \u00e9nerg\u00e9tiques innovantes et interconnect\u00e9es<br \/>\n<\/strong>Ensemble, favorisons la d\u00e9carbonation des territoires et des industries<br \/>\n<a href=\"https:\/\/tellos.fr\/en\/contact\/\"><u>Envisagez d\u00e8s maintenant votre dispositif \u00e9nerg\u00e9tique d\u00e9carbon\u00e9<\/u><\/a><\/p>","protected":false},"excerpt":{"rendered":"<p>Parce que le respect des ressources naturelles et la pr\u00e9servation des territoires sont inscrits dans son ADN, le Groupe TELLOS accompagne les collectivit\u00e9s et les industriels du Grand Est dans leur transition \u00e9nerg\u00e9tique. Solaire, g\u00e9othermie, \u00e9clairage public basse consommation\u00a0: offreur de solutions plurielles, il aide ses clients \u00e0 s\u2019affranchir des \u00e9nergies fossiles et \u00e0 s\u2019engager [&hellip;]<\/p>\n","protected":false},"author":11,"featured_media":2268,"comment_status":"open","ping_status":"closed","sticky":false,"template":"","format":"standard","meta":{"_acf_changed":false,"footnotes":""},"categories":[5,7],"tags":[],"class_list":["post-2263","post","type-post","status-publish","format-standard","has-post-thumbnail","hentry","category-groupe","category-innovons"],"acf":[],"yoast_head":"<!-- This site is optimized with the Yoast SEO plugin v27.1.1 - https:\/\/yoast.com\/product\/yoast-seo-wordpress\/ -->\n<title>L\u2019offre TELLOS : un bouquet d\u2019\u00e9nergies d\u00e9carbon\u00e9es - Tellos<\/title>\n<meta name=\"description\" content=\"Des solutions plurielles pour engager la transition \u00e9nerg\u00e9tique des collectivit\u00e9s et industries : solaire, g\u00e9othermie, \u00e9clairage intelligent\" \/>\n<meta name=\"robots\" content=\"index, follow, max-snippet:-1, max-image-preview:large, max-video-preview:-1\" \/>\n<link rel=\"canonical\" href=\"https:\/\/tellos.fr\/en\/loffre-tellos-un-bouquet-denergies-decarbonees\/\" \/>\n<meta property=\"og:locale\" content=\"en_GB\" \/>\n<meta property=\"og:type\" content=\"article\" \/>\n<meta property=\"og:title\" content=\"L\u2019offre TELLOS : un bouquet d\u2019\u00e9nergies d\u00e9carbon\u00e9es - Tellos\" \/>\n<meta property=\"og:description\" content=\"Des solutions plurielles pour engager la transition \u00e9nerg\u00e9tique des collectivit\u00e9s et industries : solaire, g\u00e9othermie, \u00e9clairage intelligent\" \/>\n<meta property=\"og:url\" content=\"https:\/\/tellos.fr\/en\/loffre-tellos-un-bouquet-denergies-decarbonees\/\" \/>\n<meta property=\"og:site_name\" content=\"Tellos\" \/>\n<meta property=\"article:published_time\" content=\"2024-09-10T12:37:08+00:00\" \/>\n<meta property=\"article:modified_time\" content=\"2024-12-11T13:22:44+00:00\" \/>\n<meta property=\"og:image\" content=\"https:\/\/tellos.fr\/wp-content\/uploads\/2024\/11\/energie-decarbonee-ok.jpg\" \/>\n\t<meta property=\"og:image:width\" content=\"1080\" \/>\n\t<meta property=\"og:image:height\" content=\"604\" \/>\n\t<meta property=\"og:image:type\" content=\"image\/jpeg\" \/>\n<meta name=\"author\" content=\"communication_tellos\" \/>\n<meta name=\"twitter:card\" content=\"summary_large_image\" \/>\n<meta name=\"twitter:label1\" content=\"Written by\" \/>\n\t<meta name=\"twitter:data1\" content=\"communication_tellos\" \/>\n\t<meta name=\"twitter:label2\" content=\"Est. reading time\" \/>\n\t<meta name=\"twitter:data2\" content=\"5 minutes\" \/>\n<script type=\"application\/ld+json\" class=\"yoast-schema-graph\">{\"@context\":\"https:\/\/schema.org\",\"@graph\":[{\"@type\":\"Article\",\"@id\":\"https:\/\/tellos.fr\/loffre-tellos-un-bouquet-denergies-decarbonees\/#article\",\"isPartOf\":{\"@id\":\"https:\/\/tellos.fr\/loffre-tellos-un-bouquet-denergies-decarbonees\/\"},\"author\":{\"name\":\"communication_tellos\",\"@id\":\"https:\/\/tellos.fr\/#\/schema\/person\/312488aed2da9d14356b502540930642\"},\"headline\":\"L\u2019offre TELLOS : un bouquet d\u2019\u00e9nergies d\u00e9carbon\u00e9es\",\"datePublished\":\"2024-09-10T12:37:08+00:00\",\"dateModified\":\"2024-12-11T13:22:44+00:00\",\"mainEntityOfPage\":{\"@id\":\"https:\/\/tellos.fr\/loffre-tellos-un-bouquet-denergies-decarbonees\/\"},\"wordCount\":1077,\"commentCount\":0,\"image\":{\"@id\":\"https:\/\/tellos.fr\/loffre-tellos-un-bouquet-denergies-decarbonees\/#primaryimage\"},\"thumbnailUrl\":\"https:\/\/tellos.fr\/wp-content\/uploads\/2024\/11\/energie-decarbonee-ok.jpg\",\"articleSection\":[\"Groupe\",\"Innovons\"],\"inLanguage\":\"en-GB\",\"potentialAction\":[{\"@type\":\"CommentAction\",\"name\":\"Comment\",\"target\":[\"https:\/\/tellos.fr\/loffre-tellos-un-bouquet-denergies-decarbonees\/#respond\"]}]},{\"@type\":\"WebPage\",\"@id\":\"https:\/\/tellos.fr\/loffre-tellos-un-bouquet-denergies-decarbonees\/\",\"url\":\"https:\/\/tellos.fr\/loffre-tellos-un-bouquet-denergies-decarbonees\/\",\"name\":\"L\u2019offre TELLOS : un bouquet d\u2019\u00e9nergies d\u00e9carbon\u00e9es - Tellos\",\"isPartOf\":{\"@id\":\"https:\/\/tellos.fr\/#website\"},\"primaryImageOfPage\":{\"@id\":\"https:\/\/tellos.fr\/loffre-tellos-un-bouquet-denergies-decarbonees\/#primaryimage\"},\"image\":{\"@id\":\"https:\/\/tellos.fr\/loffre-tellos-un-bouquet-denergies-decarbonees\/#primaryimage\"},\"thumbnailUrl\":\"https:\/\/tellos.fr\/wp-content\/uploads\/2024\/11\/energie-decarbonee-ok.jpg\",\"datePublished\":\"2024-09-10T12:37:08+00:00\",\"dateModified\":\"2024-12-11T13:22:44+00:00\",\"author\":{\"@id\":\"https:\/\/tellos.fr\/#\/schema\/person\/312488aed2da9d14356b502540930642\"},\"description\":\"Des solutions plurielles pour engager la transition \u00e9nerg\u00e9tique des collectivit\u00e9s et industries : solaire, g\u00e9othermie, \u00e9clairage intelligent\",\"inLanguage\":\"en-GB\",\"potentialAction\":[{\"@type\":\"ReadAction\",\"target\":[\"https:\/\/tellos.fr\/loffre-tellos-un-bouquet-denergies-decarbonees\/\"]}]},{\"@type\":\"ImageObject\",\"inLanguage\":\"en-GB\",\"@id\":\"https:\/\/tellos.fr\/loffre-tellos-un-bouquet-denergies-decarbonees\/#primaryimage\",\"url\":\"https:\/\/tellos.fr\/wp-content\/uploads\/2024\/11\/energie-decarbonee-ok.jpg\",\"contentUrl\":\"https:\/\/tellos.fr\/wp-content\/uploads\/2024\/11\/energie-decarbonee-ok.jpg\",\"width\":1080,\"height\":604},{\"@type\":\"WebSite\",\"@id\":\"https:\/\/tellos.fr\/#website\",\"url\":\"https:\/\/tellos.fr\/\",\"name\":\"Tellos\",\"description\":\"Nos \u00e9nergies, vos r\u00e9seaux\",\"potentialAction\":[{\"@type\":\"SearchAction\",\"target\":{\"@type\":\"EntryPoint\",\"urlTemplate\":\"https:\/\/tellos.fr\/?s={search_term_string}\"},\"query-input\":{\"@type\":\"PropertyValueSpecification\",\"valueRequired\":true,\"valueName\":\"search_term_string\"}}],\"inLanguage\":\"en-GB\"},{\"@type\":\"Person\",\"@id\":\"https:\/\/tellos.fr\/#\/schema\/person\/312488aed2da9d14356b502540930642\",\"name\":\"communication_tellos\",\"url\":\"https:\/\/tellos.fr\/en\/author\/communication_tellos\/\"}]}<\/script>\n<!-- \/ Yoast SEO plugin. -->","yoast_head_json":{"title":"L\u2019offre TELLOS : un bouquet d\u2019\u00e9nergies d\u00e9carbon\u00e9es - Tellos","description":"Des solutions plurielles pour engager la transition \u00e9nerg\u00e9tique des collectivit\u00e9s et industries : solaire, g\u00e9othermie, \u00e9clairage intelligent","robots":{"index":"index","follow":"follow","max-snippet":"max-snippet:-1","max-image-preview":"max-image-preview:large","max-video-preview":"max-video-preview:-1"},"canonical":"https:\/\/tellos.fr\/en\/loffre-tellos-un-bouquet-denergies-decarbonees\/","og_locale":"en_GB","og_type":"article","og_title":"L\u2019offre TELLOS : un bouquet d\u2019\u00e9nergies d\u00e9carbon\u00e9es - Tellos","og_description":"Des solutions plurielles pour engager la transition \u00e9nerg\u00e9tique des collectivit\u00e9s et industries : solaire, g\u00e9othermie, \u00e9clairage intelligent","og_url":"https:\/\/tellos.fr\/en\/loffre-tellos-un-bouquet-denergies-decarbonees\/","og_site_name":"Tellos","article_published_time":"2024-09-10T12:37:08+00:00","article_modified_time":"2024-12-11T13:22:44+00:00","og_image":[{"width":1080,"height":604,"url":"https:\/\/tellos.fr\/wp-content\/uploads\/2024\/11\/energie-decarbonee-ok.jpg","type":"image\/jpeg"}],"author":"communication_tellos","twitter_card":"summary_large_image","twitter_misc":{"Written by":"communication_tellos","Est. reading time":"5 minutes"},"schema":{"@context":"https:\/\/schema.org","@graph":[{"@type":"Article","@id":"https:\/\/tellos.fr\/loffre-tellos-un-bouquet-denergies-decarbonees\/#article","isPartOf":{"@id":"https:\/\/tellos.fr\/loffre-tellos-un-bouquet-denergies-decarbonees\/"},"author":{"name":"communication_tellos","@id":"https:\/\/tellos.fr\/#\/schema\/person\/312488aed2da9d14356b502540930642"},"headline":"L\u2019offre TELLOS : un bouquet d\u2019\u00e9nergies d\u00e9carbon\u00e9es","datePublished":"2024-09-10T12:37:08+00:00","dateModified":"2024-12-11T13:22:44+00:00","mainEntityOfPage":{"@id":"https:\/\/tellos.fr\/loffre-tellos-un-bouquet-denergies-decarbonees\/"},"wordCount":1077,"commentCount":0,"image":{"@id":"https:\/\/tellos.fr\/loffre-tellos-un-bouquet-denergies-decarbonees\/#primaryimage"},"thumbnailUrl":"https:\/\/tellos.fr\/wp-content\/uploads\/2024\/11\/energie-decarbonee-ok.jpg","articleSection":["Groupe","Innovons"],"inLanguage":"en-GB","potentialAction":[{"@type":"CommentAction","name":"Comment","target":["https:\/\/tellos.fr\/loffre-tellos-un-bouquet-denergies-decarbonees\/#respond"]}]},{"@type":"WebPage","@id":"https:\/\/tellos.fr\/loffre-tellos-un-bouquet-denergies-decarbonees\/","url":"https:\/\/tellos.fr\/loffre-tellos-un-bouquet-denergies-decarbonees\/","name":"L\u2019offre TELLOS : un bouquet d\u2019\u00e9nergies d\u00e9carbon\u00e9es - Tellos","isPartOf":{"@id":"https:\/\/tellos.fr\/#website"},"primaryImageOfPage":{"@id":"https:\/\/tellos.fr\/loffre-tellos-un-bouquet-denergies-decarbonees\/#primaryimage"},"image":{"@id":"https:\/\/tellos.fr\/loffre-tellos-un-bouquet-denergies-decarbonees\/#primaryimage"},"thumbnailUrl":"https:\/\/tellos.fr\/wp-content\/uploads\/2024\/11\/energie-decarbonee-ok.jpg","datePublished":"2024-09-10T12:37:08+00:00","dateModified":"2024-12-11T13:22:44+00:00","author":{"@id":"https:\/\/tellos.fr\/#\/schema\/person\/312488aed2da9d14356b502540930642"},"description":"Des solutions plurielles pour engager la transition \u00e9nerg\u00e9tique des collectivit\u00e9s et industries : solaire, g\u00e9othermie, \u00e9clairage intelligent","inLanguage":"en-GB","potentialAction":[{"@type":"ReadAction","target":["https:\/\/tellos.fr\/loffre-tellos-un-bouquet-denergies-decarbonees\/"]}]},{"@type":"ImageObject","inLanguage":"en-GB","@id":"https:\/\/tellos.fr\/loffre-tellos-un-bouquet-denergies-decarbonees\/#primaryimage","url":"https:\/\/tellos.fr\/wp-content\/uploads\/2024\/11\/energie-decarbonee-ok.jpg","contentUrl":"https:\/\/tellos.fr\/wp-content\/uploads\/2024\/11\/energie-decarbonee-ok.jpg","width":1080,"height":604},{"@type":"WebSite","@id":"https:\/\/tellos.fr\/#website","url":"https:\/\/tellos.fr\/","name":"Tellos","description":"Nos \u00e9nergies, vos r\u00e9seaux","potentialAction":[{"@type":"SearchAction","target":{"@type":"EntryPoint","urlTemplate":"https:\/\/tellos.fr\/?s={search_term_string}"},"query-input":{"@type":"PropertyValueSpecification","valueRequired":true,"valueName":"search_term_string"}}],"inLanguage":"en-GB"},{"@type":"Person","@id":"https:\/\/tellos.fr\/#\/schema\/person\/312488aed2da9d14356b502540930642","name":"communication_tellos","url":"https:\/\/tellos.fr\/en\/author\/communication_tellos\/"}]}},"_links":{"self":[{"href":"https:\/\/tellos.fr\/en\/wp-json\/wp\/v2\/posts\/2263","targetHints":{"allow":["GET"]}}],"collection":[{"href":"https:\/\/tellos.fr\/en\/wp-json\/wp\/v2\/posts"}],"about":[{"href":"https:\/\/tellos.fr\/en\/wp-json\/wp\/v2\/types\/post"}],"author":[{"embeddable":true,"href":"https:\/\/tellos.fr\/en\/wp-json\/wp\/v2\/users\/11"}],"replies":[{"embeddable":true,"href":"https:\/\/tellos.fr\/en\/wp-json\/wp\/v2\/comments?post=2263"}],"version-history":[{"count":4,"href":"https:\/\/tellos.fr\/en\/wp-json\/wp\/v2\/posts\/2263\/revisions"}],"predecessor-version":[{"id":2269,"href":"https:\/\/tellos.fr\/en\/wp-json\/wp\/v2\/posts\/2263\/revisions\/2269"}],"wp:featuredmedia":[{"embeddable":true,"href":"https:\/\/tellos.fr\/en\/wp-json\/wp\/v2\/media\/2268"}],"wp:attachment":[{"href":"https:\/\/tellos.fr\/en\/wp-json\/wp\/v2\/media?parent=2263"}],"wp:term":[{"taxonomy":"category","embeddable":true,"href":"https:\/\/tellos.fr\/en\/wp-json\/wp\/v2\/categories?post=2263"},{"taxonomy":"post_tag","embeddable":true,"href":"https:\/\/tellos.fr\/en\/wp-json\/wp\/v2\/tags?post=2263"}],"curies":[{"name":"wp","href":"https:\/\/api.w.org\/{rel}","templated":true}]}}