{"id":2216,"date":"2024-05-30T14:55:48","date_gmt":"2024-05-30T12:55:48","guid":{"rendered":"https:\/\/tellos.fr\/?p=2216"},"modified":"2024-12-11T14:22:17","modified_gmt":"2024-12-11T13:22:17","slug":"extension-du-reseau-de-chaleur-urbain-de-metz","status":"publish","type":"post","link":"https:\/\/tellos.fr\/en\/extension-du-reseau-de-chaleur-urbain-de-metz\/","title":{"rendered":"Extension du r\u00e9seau de chaleur urbain de Metz"},"content":{"rendered":"<p>Pr\u00e8s de 50 000 foyers aliment\u00e9s par 66 % d\u2019\u00e9nergie verte : en 2023, le Groupe de TP TELLOS remportait le march\u00e9 d\u2019agrandissement du r\u00e9seau de chauffage basse pression de Metz agglom\u00e9ration, construit en 1956 et long de 135 km. Le chantier, reconduit en mars 2024 pour une deuxi\u00e8me tranche, concerne 18 extensions et plus de 2 km de fouilles. <!--more--><\/p>\n<p>Gagner en efficacit\u00e9 thermique, r\u00e9duire pertes et surconsommations \u00e9nergiques\u00a0: le chauffage urbain joue un r\u00f4le crucial dans la transition durable. TELLOS, sp\u00e9cialiste des infrastructures r\u00e9seaux et \u00e9quipements urbains depuis plus de 40 ans, accompagne petites communes et grandes agglom\u00e9rations de la r\u00e9gion Grand-Est dans cet investissement d\u2019avenir. Avec plus d\u2019une ressource \u00e0 offrir\u00a0!<\/p>\n<p><strong>\u00a0<\/strong><\/p>\n<h3><strong>TELLOS : une offre r\u00e9seaux de chaleur cl\u00e9 en main, combinaison de 3 expertises<\/strong><\/h3>\n<p>En 2023, c\u2019est un groupement en synergie qui r\u00e9pondait \u00e0 l\u2019appel de l\u2019UEM Metz, ma\u00eetre d\u2019\u0153uvre de ce chantier\u2026 titanesque, avec une offre cl\u00e9s en main incluant \u00e9tudes et travaux. Soit trois entreprises aux comp\u00e9tences compl\u00e9mentaires et aux \u00e9quipes polyvalentes\u00a0!<\/p>\n<ul>\n<li><strong>Voiries et r\u00e9seaux divers, g\u00e9nie civil et r\u00e9fection surfacique. <\/strong>Avec <a href=\"https:\/\/www.smtpf.fr\/\">SMTPF<\/a>, experte VRD, filiale du Groupe TELLOS<strong>\u00a0<\/strong>: r\u00e9alisation des tranch\u00e9es, terrassements, remblais, enrob\u00e9s parmi ses m\u00e9tiers historiques. Mandataire du groupement, elle intervient aussi comme conducteur de travaux et interlocuteur unique du client. Elle pilote \u00e9galement toute la partie usagers : arr\u00eats de circulation et acc\u00e8s pi\u00e9tonniers.<\/li>\n<li><strong style=\"font-family: Ubuntu, sans-serif; font-size: 15px;\">Pose, soudure, manchonnage des tuyaux (dn 150 \u00e0 32) :<\/strong><span style=\"font-family: Ubuntu, sans-serif; font-size: 15px;\"> avec <a href=\"http:\/\/sogeca-tp.com\">SOGECA<\/a> et <a href=\"https:\/\/www.sogecatherm.fr\/\">SOGECA THERM<\/a>. La gestion des approvisionnements en tuyauterie et les essais sont \u00e9videmment inclus dans sa prestation !<\/span><\/li>\n<li><strong style=\"font-family: Ubuntu, sans-serif; font-size: 15px;\">Solutions de canalisation haute performance : <\/strong><span style=\"font-family: Ubuntu, sans-serif; font-size: 15px;\">fournies par l\u2019\u00e9quipementier sp\u00e9cialiste mondial des r\u00e9seaux de chaleur urbain Logstor, agr\u00e9\u00e9 UEM. Autant de tubes basse-pression pr\u00e9 isol\u00e9s garantissant l\u2019efficacit\u00e9 \u00e9nerg\u00e9tique du r\u00e9seau de chaleur urbain.\u00a0\u00a0<\/span><\/li>\n<\/ul>\n<p><img loading=\"lazy\" decoding=\"async\" class=\"alignnone wp-image-2220 size-full\" style=\"font-family: -apple-system, BlinkMacSystemFont, 'Segoe UI', Roboto, 'Helvetica Neue', Arial, sans-serif; font-size: 1rem;\" src=\"https:\/\/tellos.fr\/wp-content\/uploads\/2024\/07\/Livraison-tuyaux-RC-UEM.jpg\" alt=\"\" width=\"1080\" height=\"810\" srcset=\"https:\/\/tellos.fr\/wp-content\/uploads\/2024\/07\/Livraison-tuyaux-RC-UEM.jpg 1080w, https:\/\/tellos.fr\/wp-content\/uploads\/2024\/07\/Livraison-tuyaux-RC-UEM-300x225.jpg 300w, https:\/\/tellos.fr\/wp-content\/uploads\/2024\/07\/Livraison-tuyaux-RC-UEM-1024x768.jpg 1024w, https:\/\/tellos.fr\/wp-content\/uploads\/2024\/07\/Livraison-tuyaux-RC-UEM-768x576.jpg 768w, https:\/\/tellos.fr\/wp-content\/uploads\/2024\/07\/Livraison-tuyaux-RC-UEM-16x12.jpg 16w\" sizes=\"auto, (max-width: 1080px) 100vw, 1080px\" \/><\/p>\n<p><img loading=\"lazy\" decoding=\"async\" class=\"alignnone wp-image-2250 size-full\" src=\"https:\/\/tellos.fr\/wp-content\/uploads\/2024\/09\/Reseau-de-chaleur-UEM-Metz-SMTPF.jpg\" alt=\"Vue sur les canalisations du r\u00e9seau de chaleur de Metz avant refermeture par SMTPF\" width=\"1311\" height=\"1966\" srcset=\"https:\/\/tellos.fr\/wp-content\/uploads\/2024\/09\/Reseau-de-chaleur-UEM-Metz-SMTPF.jpg 1311w, https:\/\/tellos.fr\/wp-content\/uploads\/2024\/09\/Reseau-de-chaleur-UEM-Metz-SMTPF-200x300.jpg 200w, https:\/\/tellos.fr\/wp-content\/uploads\/2024\/09\/Reseau-de-chaleur-UEM-Metz-SMTPF-683x1024.jpg 683w, https:\/\/tellos.fr\/wp-content\/uploads\/2024\/09\/Reseau-de-chaleur-UEM-Metz-SMTPF-768x1152.jpg 768w, https:\/\/tellos.fr\/wp-content\/uploads\/2024\/09\/Reseau-de-chaleur-UEM-Metz-SMTPF-1024x1536.jpg 1024w, https:\/\/tellos.fr\/wp-content\/uploads\/2024\/09\/Reseau-de-chaleur-UEM-Metz-SMTPF-8x12.jpg 8w\" sizes=\"auto, (max-width: 1311px) 100vw, 1311px\" \/><\/p>\n<p><img loading=\"lazy\" decoding=\"async\" class=\"alignnone wp-image-2251 size-full\" src=\"https:\/\/tellos.fr\/wp-content\/uploads\/2024\/09\/Equipe-terrain-SMTPF-RC-Metz.jpg\" alt=\"Fermeture des tranch\u00e9es par SMTPF apr\u00e8s la pose du RC\" width=\"1966\" height=\"1311\" srcset=\"https:\/\/tellos.fr\/wp-content\/uploads\/2024\/09\/Equipe-terrain-SMTPF-RC-Metz.jpg 1966w, https:\/\/tellos.fr\/wp-content\/uploads\/2024\/09\/Equipe-terrain-SMTPF-RC-Metz-300x200.jpg 300w, https:\/\/tellos.fr\/wp-content\/uploads\/2024\/09\/Equipe-terrain-SMTPF-RC-Metz-1024x683.jpg 1024w, https:\/\/tellos.fr\/wp-content\/uploads\/2024\/09\/Equipe-terrain-SMTPF-RC-Metz-768x512.jpg 768w, https:\/\/tellos.fr\/wp-content\/uploads\/2024\/09\/Equipe-terrain-SMTPF-RC-Metz-1536x1024.jpg 1536w, https:\/\/tellos.fr\/wp-content\/uploads\/2024\/09\/Equipe-terrain-SMTPF-RC-Metz-18x12.jpg 18w\" sizes=\"auto, (max-width: 1966px) 100vw, 1966px\" \/><\/p>\n<h4><strong>1 seul interlocuteur : du confort premium pour le client<\/strong><\/h4>\n<p>C\u2019est aussi cela, le pouvoir de la synergie\u00a0: mieux communiquer au fil de l\u2019eau et garantir une relation client-prestataire solide, durable et fluide. Charge \u00e0 SMTPF d\u2019\u00e9couter et de r\u00e9pondre aux besoins exprim\u00e9s par le client ou les \u00e9quipes terrain afin de r\u00e9agir le plus efficacement face aux impr\u00e9vus\u00a0!<strong>\u00a0<\/strong><\/p>\n<blockquote><p>\u00ab\u00a0L\u2019UEM, c\u2019est une offre \u00e0 tiroirs sur une trentaine de lots qu\u2019on a construite, s\u00e9curis\u00e9e et d\u00e9fendue ensemble. Le planning strat\u00e9gique d\u00e9ploy\u00e9 sur deux ans a \u00e9t\u00e9 verrouill\u00e9 en amont\u00a0: au quotidien, l\u2019UEM Metz pioche selon ses besoins et on n\u2019a plus\u2026 qu\u2019\u00e0 y aller\u00a0!\u00a0\u00bb<\/p><\/blockquote>\n<p>&nbsp;<\/p>\n<h3><strong>D\u00e9lais, prix, agilit\u00e9\u00a0: les atouts TELLOS<\/strong><\/h3>\n<p>La deuxi\u00e8me tranche du chantier d\u2019extension du r\u00e9seau de chaleur de Metz devra \u00eatre livr\u00e9e d\u2019ici fin 2024. Rue par rue, il consiste en un encha\u00eenement d\u2019op\u00e9rations minut\u00e9es, en pr\u00e9vision de la saison de chauffe. Shortlisting par l\u2019UEM Metz, tenue des d\u00e9lais\u2026 Tout ceci est possible gr\u00e2ce aux moyens du Groupe TELLOS, mis \u00e0 la disposition de tous ses clients, porteurs de gros ou de petits projets.<\/p>\n<ul>\n<li><strong>Proximit\u00e9 et connaissance du terrain. <\/strong>Un Groupe constitu\u00e9 de PME \u00e0 l\u2019esprit familial, ancr\u00e9es depuis \u00ab\u00a0toujours\u00a0\u00bb sur leur territoire\u00a0: TELLOS conna\u00eet sur le bout des doigts son \u00e9cosyst\u00e8me et les besoins r\u00e9els en mati\u00e8re de chauffage urbain. Ce circuit court a d\u2019autres avantages\u00a0: budget comp\u00e9titif et ma\u00eetris\u00e9, d\u00e9lais d\u2019intervention r\u00e9duits et livraison dans les temps, r\u00e9activit\u00e9 \u00e0 toute \u00e9preuve\u2026<\/li>\n<li><strong>Ressources interne. <\/strong>Le Groupe dispose d\u2019un parc mat\u00e9riel complet. De plus, il compte parmi ses filiales des zones de stockage de d\u00e9chets de chantier agr\u00e9\u00e9es ISDI <a href=\"https:\/\/www.smtpf.fr\/expertises\/environnement\/\">CGR ENVIRONNEMENT<\/a><u>,<\/u> et la <a href=\"https:\/\/www.sabliere-de-steinbourg.fr\/\">SABLI\u00c8RE DE STEINBOURG<\/a> qui en plus revalorisent les d\u00e9combres pour les transformer en mat\u00e9riaux de construction de seconde main.<\/li>\n<li><strong>Extension possible du p\u00e9rim\u00e8tre d\u2019intervention. <\/strong>TELLOS, fort de 8 filiales int\u00e9gr\u00e9es, a les capacit\u00e9s techniques de mutualiser les op\u00e9rations de r\u00e9seaux urbains\u00a0: chaleur, fibre optique, \u00e9clairage public, signalisation dynamique\u2026<\/li>\n<\/ul>\n<p>&nbsp;<\/p>\n<h4><strong>Les usagers, top priorit\u00e9\u00a0!<\/strong><\/h4>\n<p>Dans l\u2019ADN du Groupe, il y a le volet pr\u00e9vention, indispensable pour assurer le confort des automobilistes, pi\u00e9tons ou habitants. Alors que chaque arr\u00eat\u00e9 de circulation a \u00e9t\u00e9 pr\u00e9vu et g\u00e9r\u00e9 en amont, il aura fallu, depuis 1 an, r\u00e9agir au pied lev\u00e9 face aux in\u00e9vitables impr\u00e9vus\u00a0: un arbre \u00e0 contourner, un acc\u00e8s pi\u00e9ton \u00e0 cr\u00e9er. La priorit\u00e9, en marge du respect de la proposition initiale et des d\u00e9lais de livraison\u00a0? R\u00e9duire un maximum les d\u00e9sagr\u00e9ments pour les usagers de la ville. Ajuster ses m\u00e9thodes de fouilles, par exemple, TELLOS le fait\u00a0!<\/p>\n<blockquote><p>\u00ab L\u2019UEM Metz nous a attribu\u00e9 30 % de voierie suppl\u00e9mentaires. Nos leviers ? Un assemblage de briques m\u00e9ticuleusement r\u00e9fl\u00e9chies, l\u2019anticipation, la connaissance de nos \u00e9quipes, la ma\u00eetrise de ce qu\u2019on est, ou pas, en capacit\u00e9 de faire. Et aussi, la coop\u00e9ration ind\u00e9fectible des bureaux d\u2019\u00e9tude int\u00e9gr\u00e9s de SMTPF et de SOGECA. \u00bb<\/p><\/blockquote>\n<p><img loading=\"lazy\" decoding=\"async\" class=\"alignnone wp-image-2249 size-full\" src=\"https:\/\/tellos.fr\/wp-content\/uploads\/2024\/09\/Equipe-terrain-SMTPF-RC-Metz-2.jpg\" alt=\"Hommes et machine SMTPF qui ouvre les tranch\u00e9es pour le RC de l'UEM\" width=\"1966\" height=\"1311\" srcset=\"https:\/\/tellos.fr\/wp-content\/uploads\/2024\/09\/Equipe-terrain-SMTPF-RC-Metz-2.jpg 1966w, https:\/\/tellos.fr\/wp-content\/uploads\/2024\/09\/Equipe-terrain-SMTPF-RC-Metz-2-300x200.jpg 300w, https:\/\/tellos.fr\/wp-content\/uploads\/2024\/09\/Equipe-terrain-SMTPF-RC-Metz-2-1024x683.jpg 1024w, https:\/\/tellos.fr\/wp-content\/uploads\/2024\/09\/Equipe-terrain-SMTPF-RC-Metz-2-768x512.jpg 768w, https:\/\/tellos.fr\/wp-content\/uploads\/2024\/09\/Equipe-terrain-SMTPF-RC-Metz-2-1536x1024.jpg 1536w, https:\/\/tellos.fr\/wp-content\/uploads\/2024\/09\/Equipe-terrain-SMTPF-RC-Metz-2-18x12.jpg 18w\" sizes=\"auto, (max-width: 1966px) 100vw, 1966px\" \/><\/p>\n<h3><strong>TELLOS travaille avec l\u2019UEM Metz, mais pas que\u2026<\/strong><\/h3>\n<p>Le Groupe TELLOS, expert en r\u00e9seau de chauffage urbain, intervient aupr\u00e8s d\u2019autres ma\u00eetres d\u2019\u0153uvre de la r\u00e9gion Grand-Est.<\/p>\n<ul>\n<li><strong>Le RC du port autonome de Strasbourg (2<sup>e<\/sup> groupe fluvial fran\u00e7ais). <\/strong>4,2 M\u20ac en 2023-2024, d\u00e9di\u00e9s \u00e0 une solution innovante : la collecte et la r\u00e9injection de la chaleur fatale g\u00e9n\u00e9r\u00e9e par l\u2019incin\u00e9rateur de d\u00e9chets dangereux de Strasbourg Port-du-Rhin vers le hub \u00e9nerg\u00e9tique de la Ville.<\/li>\n<\/ul>\n<p><img loading=\"lazy\" decoding=\"async\" class=\"alignnone wp-image-2226 size-full\" src=\"https:\/\/tellos.fr\/wp-content\/uploads\/2024\/07\/RC-PAS.jpg\" alt=\"\" width=\"1080\" height=\"809\" srcset=\"https:\/\/tellos.fr\/wp-content\/uploads\/2024\/07\/RC-PAS.jpg 1080w, https:\/\/tellos.fr\/wp-content\/uploads\/2024\/07\/RC-PAS-300x225.jpg 300w, https:\/\/tellos.fr\/wp-content\/uploads\/2024\/07\/RC-PAS-1024x767.jpg 1024w, https:\/\/tellos.fr\/wp-content\/uploads\/2024\/07\/RC-PAS-768x575.jpg 768w, https:\/\/tellos.fr\/wp-content\/uploads\/2024\/07\/RC-PAS-16x12.jpg 16w\" sizes=\"auto, (max-width: 1080px) 100vw, 1080px\" \/><\/p>\n<ul>\n<li><strong>Le syst\u00e8me de chauffage urbain d\u00e9carbon\u00e9 de Toul (54). <\/strong>Le premier de la R\u00e9gion Grand-Est \u00e0 fonctionner 100 % en \u00e9nergies renouvelables, soit une chaufferie biomasse et un r\u00e9seau de chaleur de 12 km con\u00e7u et implant\u00e9 en milieu atypique : une cit\u00e9 fortifi\u00e9e, jalonn\u00e9e d\u2019ouvrages Vauban inscrits aux Monuments historiques !<\/li>\n<\/ul>\n<p>&nbsp;<\/p>\n<p><strong>TELLOS, l\u2019expertise r\u00e9seaux de chaleur d\u00e9carbon\u00e9s<br \/>\n<\/strong>Ensemble, am\u00e9nageons la ville de demain<br \/>\n<a href=\"https:\/\/tellos.fr\/en\/contact\/\"><u>\u00c9valuez<\/u><u> d\u00e8s maintenant vos projets r\u00e9seaux de chaleur et chauffage urbain<\/u><\/a><\/p>","protected":false},"excerpt":{"rendered":"<p>Pr\u00e8s de 50 000 foyers aliment\u00e9s par 66 % d\u2019\u00e9nergie verte : en 2023, le Groupe de TP TELLOS remportait le march\u00e9 d\u2019agrandissement du r\u00e9seau de chauffage basse pression de Metz agglom\u00e9ration, construit en 1956 et long de 135 km. Le chantier, reconduit en mars 2024 pour une deuxi\u00e8me tranche, concerne 18 extensions et plus [&hellip;]<\/p>\n","protected":false},"author":11,"featured_media":2252,"comment_status":"open","ping_status":"closed","sticky":false,"template":"","format":"standard","meta":{"_acf_changed":false,"footnotes":""},"categories":[4],"tags":[],"class_list":["post-2216","post","type-post","status-publish","format-standard","has-post-thumbnail","hentry","category-realisations"],"acf":[],"yoast_head":"<!-- This site is optimized with the Yoast SEO plugin v27.1.1 - https:\/\/yoast.com\/product\/yoast-seo-wordpress\/ -->\n<title>Extension du r\u00e9seau de chaleur urbain de Metz - Tellos<\/title>\n<meta name=\"description\" content=\"Une offre r\u00e9seaux de chaleur cl\u00e9 en main gr\u00e2ce \u00e0 la combinaison de 3 expertises. D\u00e9lais, prix, agilit\u00e9\u00a0: les atouts TELLOS.\" \/>\n<meta name=\"robots\" content=\"index, follow, max-snippet:-1, max-image-preview:large, max-video-preview:-1\" \/>\n<link rel=\"canonical\" href=\"https:\/\/tellos.fr\/en\/extension-du-reseau-de-chaleur-urbain-de-metz\/\" \/>\n<meta property=\"og:locale\" content=\"en_GB\" \/>\n<meta property=\"og:type\" content=\"article\" \/>\n<meta property=\"og:title\" content=\"Extension du r\u00e9seau de chaleur urbain de Metz - Tellos\" \/>\n<meta property=\"og:description\" content=\"Une offre r\u00e9seaux de chaleur cl\u00e9 en main gr\u00e2ce \u00e0 la combinaison de 3 expertises. D\u00e9lais, prix, agilit\u00e9\u00a0: les atouts TELLOS.\" \/>\n<meta property=\"og:url\" content=\"https:\/\/tellos.fr\/en\/extension-du-reseau-de-chaleur-urbain-de-metz\/\" \/>\n<meta property=\"og:site_name\" content=\"Tellos\" \/>\n<meta property=\"article:published_time\" content=\"2024-05-30T12:55:48+00:00\" \/>\n<meta property=\"article:modified_time\" content=\"2024-12-11T13:22:17+00:00\" \/>\n<meta property=\"og:image\" content=\"https:\/\/tellos.fr\/wp-content\/uploads\/2024\/09\/RC-UEM-vu-du-ciel-SMTPF.jpg\" \/>\n\t<meta property=\"og:image:width\" content=\"1265\" \/>\n\t<meta property=\"og:image:height\" content=\"948\" \/>\n\t<meta property=\"og:image:type\" content=\"image\/jpeg\" \/>\n<meta name=\"author\" content=\"communication_tellos\" \/>\n<meta name=\"twitter:card\" content=\"summary_large_image\" \/>\n<meta name=\"twitter:label1\" content=\"Written by\" \/>\n\t<meta name=\"twitter:data1\" content=\"communication_tellos\" \/>\n\t<meta name=\"twitter:label2\" content=\"Est. reading time\" \/>\n\t<meta name=\"twitter:data2\" content=\"6 minutes\" \/>\n<script type=\"application\/ld+json\" class=\"yoast-schema-graph\">{\"@context\":\"https:\/\/schema.org\",\"@graph\":[{\"@type\":\"Article\",\"@id\":\"https:\/\/tellos.fr\/extension-du-reseau-de-chaleur-urbain-de-metz\/#article\",\"isPartOf\":{\"@id\":\"https:\/\/tellos.fr\/extension-du-reseau-de-chaleur-urbain-de-metz\/\"},\"author\":{\"name\":\"communication_tellos\",\"@id\":\"https:\/\/tellos.fr\/#\/schema\/person\/312488aed2da9d14356b502540930642\"},\"headline\":\"Extension du r\u00e9seau de chaleur urbain de Metz\",\"datePublished\":\"2024-05-30T12:55:48+00:00\",\"dateModified\":\"2024-12-11T13:22:17+00:00\",\"mainEntityOfPage\":{\"@id\":\"https:\/\/tellos.fr\/extension-du-reseau-de-chaleur-urbain-de-metz\/\"},\"wordCount\":1022,\"commentCount\":0,\"image\":{\"@id\":\"https:\/\/tellos.fr\/extension-du-reseau-de-chaleur-urbain-de-metz\/#primaryimage\"},\"thumbnailUrl\":\"https:\/\/tellos.fr\/wp-content\/uploads\/2024\/09\/RC-UEM-vu-du-ciel-SMTPF.jpg\",\"articleSection\":[\"R\u00e9alisations\"],\"inLanguage\":\"en-GB\",\"potentialAction\":[{\"@type\":\"CommentAction\",\"name\":\"Comment\",\"target\":[\"https:\/\/tellos.fr\/extension-du-reseau-de-chaleur-urbain-de-metz\/#respond\"]}]},{\"@type\":\"WebPage\",\"@id\":\"https:\/\/tellos.fr\/extension-du-reseau-de-chaleur-urbain-de-metz\/\",\"url\":\"https:\/\/tellos.fr\/extension-du-reseau-de-chaleur-urbain-de-metz\/\",\"name\":\"Extension du r\u00e9seau de chaleur urbain de Metz - Tellos\",\"isPartOf\":{\"@id\":\"https:\/\/tellos.fr\/#website\"},\"primaryImageOfPage\":{\"@id\":\"https:\/\/tellos.fr\/extension-du-reseau-de-chaleur-urbain-de-metz\/#primaryimage\"},\"image\":{\"@id\":\"https:\/\/tellos.fr\/extension-du-reseau-de-chaleur-urbain-de-metz\/#primaryimage\"},\"thumbnailUrl\":\"https:\/\/tellos.fr\/wp-content\/uploads\/2024\/09\/RC-UEM-vu-du-ciel-SMTPF.jpg\",\"datePublished\":\"2024-05-30T12:55:48+00:00\",\"dateModified\":\"2024-12-11T13:22:17+00:00\",\"author\":{\"@id\":\"https:\/\/tellos.fr\/#\/schema\/person\/312488aed2da9d14356b502540930642\"},\"description\":\"Une offre r\u00e9seaux de chaleur cl\u00e9 en main gr\u00e2ce \u00e0 la combinaison de 3 expertises. D\u00e9lais, prix, agilit\u00e9\u00a0: les atouts TELLOS.\",\"inLanguage\":\"en-GB\",\"potentialAction\":[{\"@type\":\"ReadAction\",\"target\":[\"https:\/\/tellos.fr\/extension-du-reseau-de-chaleur-urbain-de-metz\/\"]}]},{\"@type\":\"ImageObject\",\"inLanguage\":\"en-GB\",\"@id\":\"https:\/\/tellos.fr\/extension-du-reseau-de-chaleur-urbain-de-metz\/#primaryimage\",\"url\":\"https:\/\/tellos.fr\/wp-content\/uploads\/2024\/09\/RC-UEM-vu-du-ciel-SMTPF.jpg\",\"contentUrl\":\"https:\/\/tellos.fr\/wp-content\/uploads\/2024\/09\/RC-UEM-vu-du-ciel-SMTPF.jpg\",\"width\":1265,\"height\":948,\"caption\":\"Vue du ciel des travaux de terrassement men\u00e9es par SMTPF \u00e0 Metz pour le r\u00e9seau de chaleur\"},{\"@type\":\"WebSite\",\"@id\":\"https:\/\/tellos.fr\/#website\",\"url\":\"https:\/\/tellos.fr\/\",\"name\":\"Tellos\",\"description\":\"Nos \u00e9nergies, vos r\u00e9seaux\",\"potentialAction\":[{\"@type\":\"SearchAction\",\"target\":{\"@type\":\"EntryPoint\",\"urlTemplate\":\"https:\/\/tellos.fr\/?s={search_term_string}\"},\"query-input\":{\"@type\":\"PropertyValueSpecification\",\"valueRequired\":true,\"valueName\":\"search_term_string\"}}],\"inLanguage\":\"en-GB\"},{\"@type\":\"Person\",\"@id\":\"https:\/\/tellos.fr\/#\/schema\/person\/312488aed2da9d14356b502540930642\",\"name\":\"communication_tellos\",\"url\":\"https:\/\/tellos.fr\/en\/author\/communication_tellos\/\"}]}<\/script>\n<!-- \/ Yoast SEO plugin. -->","yoast_head_json":{"title":"Extension du r\u00e9seau de chaleur urbain de Metz - Tellos","description":"Une offre r\u00e9seaux de chaleur cl\u00e9 en main gr\u00e2ce \u00e0 la combinaison de 3 expertises. D\u00e9lais, prix, agilit\u00e9\u00a0: les atouts TELLOS.","robots":{"index":"index","follow":"follow","max-snippet":"max-snippet:-1","max-image-preview":"max-image-preview:large","max-video-preview":"max-video-preview:-1"},"canonical":"https:\/\/tellos.fr\/en\/extension-du-reseau-de-chaleur-urbain-de-metz\/","og_locale":"en_GB","og_type":"article","og_title":"Extension du r\u00e9seau de chaleur urbain de Metz - Tellos","og_description":"Une offre r\u00e9seaux de chaleur cl\u00e9 en main gr\u00e2ce \u00e0 la combinaison de 3 expertises. D\u00e9lais, prix, agilit\u00e9\u00a0: les atouts TELLOS.","og_url":"https:\/\/tellos.fr\/en\/extension-du-reseau-de-chaleur-urbain-de-metz\/","og_site_name":"Tellos","article_published_time":"2024-05-30T12:55:48+00:00","article_modified_time":"2024-12-11T13:22:17+00:00","og_image":[{"width":1265,"height":948,"url":"https:\/\/tellos.fr\/wp-content\/uploads\/2024\/09\/RC-UEM-vu-du-ciel-SMTPF.jpg","type":"image\/jpeg"}],"author":"communication_tellos","twitter_card":"summary_large_image","twitter_misc":{"Written by":"communication_tellos","Est. reading time":"6 minutes"},"schema":{"@context":"https:\/\/schema.org","@graph":[{"@type":"Article","@id":"https:\/\/tellos.fr\/extension-du-reseau-de-chaleur-urbain-de-metz\/#article","isPartOf":{"@id":"https:\/\/tellos.fr\/extension-du-reseau-de-chaleur-urbain-de-metz\/"},"author":{"name":"communication_tellos","@id":"https:\/\/tellos.fr\/#\/schema\/person\/312488aed2da9d14356b502540930642"},"headline":"Extension du r\u00e9seau de chaleur urbain de Metz","datePublished":"2024-05-30T12:55:48+00:00","dateModified":"2024-12-11T13:22:17+00:00","mainEntityOfPage":{"@id":"https:\/\/tellos.fr\/extension-du-reseau-de-chaleur-urbain-de-metz\/"},"wordCount":1022,"commentCount":0,"image":{"@id":"https:\/\/tellos.fr\/extension-du-reseau-de-chaleur-urbain-de-metz\/#primaryimage"},"thumbnailUrl":"https:\/\/tellos.fr\/wp-content\/uploads\/2024\/09\/RC-UEM-vu-du-ciel-SMTPF.jpg","articleSection":["R\u00e9alisations"],"inLanguage":"en-GB","potentialAction":[{"@type":"CommentAction","name":"Comment","target":["https:\/\/tellos.fr\/extension-du-reseau-de-chaleur-urbain-de-metz\/#respond"]}]},{"@type":"WebPage","@id":"https:\/\/tellos.fr\/extension-du-reseau-de-chaleur-urbain-de-metz\/","url":"https:\/\/tellos.fr\/extension-du-reseau-de-chaleur-urbain-de-metz\/","name":"Extension du r\u00e9seau de chaleur urbain de Metz - Tellos","isPartOf":{"@id":"https:\/\/tellos.fr\/#website"},"primaryImageOfPage":{"@id":"https:\/\/tellos.fr\/extension-du-reseau-de-chaleur-urbain-de-metz\/#primaryimage"},"image":{"@id":"https:\/\/tellos.fr\/extension-du-reseau-de-chaleur-urbain-de-metz\/#primaryimage"},"thumbnailUrl":"https:\/\/tellos.fr\/wp-content\/uploads\/2024\/09\/RC-UEM-vu-du-ciel-SMTPF.jpg","datePublished":"2024-05-30T12:55:48+00:00","dateModified":"2024-12-11T13:22:17+00:00","author":{"@id":"https:\/\/tellos.fr\/#\/schema\/person\/312488aed2da9d14356b502540930642"},"description":"Une offre r\u00e9seaux de chaleur cl\u00e9 en main gr\u00e2ce \u00e0 la combinaison de 3 expertises. D\u00e9lais, prix, agilit\u00e9\u00a0: les atouts TELLOS.","inLanguage":"en-GB","potentialAction":[{"@type":"ReadAction","target":["https:\/\/tellos.fr\/extension-du-reseau-de-chaleur-urbain-de-metz\/"]}]},{"@type":"ImageObject","inLanguage":"en-GB","@id":"https:\/\/tellos.fr\/extension-du-reseau-de-chaleur-urbain-de-metz\/#primaryimage","url":"https:\/\/tellos.fr\/wp-content\/uploads\/2024\/09\/RC-UEM-vu-du-ciel-SMTPF.jpg","contentUrl":"https:\/\/tellos.fr\/wp-content\/uploads\/2024\/09\/RC-UEM-vu-du-ciel-SMTPF.jpg","width":1265,"height":948,"caption":"Vue du ciel des travaux de terrassement men\u00e9es par SMTPF \u00e0 Metz pour le r\u00e9seau de chaleur"},{"@type":"WebSite","@id":"https:\/\/tellos.fr\/#website","url":"https:\/\/tellos.fr\/","name":"Tellos","description":"Nos \u00e9nergies, vos r\u00e9seaux","potentialAction":[{"@type":"SearchAction","target":{"@type":"EntryPoint","urlTemplate":"https:\/\/tellos.fr\/?s={search_term_string}"},"query-input":{"@type":"PropertyValueSpecification","valueRequired":true,"valueName":"search_term_string"}}],"inLanguage":"en-GB"},{"@type":"Person","@id":"https:\/\/tellos.fr\/#\/schema\/person\/312488aed2da9d14356b502540930642","name":"communication_tellos","url":"https:\/\/tellos.fr\/en\/author\/communication_tellos\/"}]}},"_links":{"self":[{"href":"https:\/\/tellos.fr\/en\/wp-json\/wp\/v2\/posts\/2216","targetHints":{"allow":["GET"]}}],"collection":[{"href":"https:\/\/tellos.fr\/en\/wp-json\/wp\/v2\/posts"}],"about":[{"href":"https:\/\/tellos.fr\/en\/wp-json\/wp\/v2\/types\/post"}],"author":[{"embeddable":true,"href":"https:\/\/tellos.fr\/en\/wp-json\/wp\/v2\/users\/11"}],"replies":[{"embeddable":true,"href":"https:\/\/tellos.fr\/en\/wp-json\/wp\/v2\/comments?post=2216"}],"version-history":[{"count":10,"href":"https:\/\/tellos.fr\/en\/wp-json\/wp\/v2\/posts\/2216\/revisions"}],"predecessor-version":[{"id":2254,"href":"https:\/\/tellos.fr\/en\/wp-json\/wp\/v2\/posts\/2216\/revisions\/2254"}],"wp:featuredmedia":[{"embeddable":true,"href":"https:\/\/tellos.fr\/en\/wp-json\/wp\/v2\/media\/2252"}],"wp:attachment":[{"href":"https:\/\/tellos.fr\/en\/wp-json\/wp\/v2\/media?parent=2216"}],"wp:term":[{"taxonomy":"category","embeddable":true,"href":"https:\/\/tellos.fr\/en\/wp-json\/wp\/v2\/categories?post=2216"},{"taxonomy":"post_tag","embeddable":true,"href":"https:\/\/tellos.fr\/en\/wp-json\/wp\/v2\/tags?post=2216"}],"curies":[{"name":"wp","href":"https:\/\/api.w.org\/{rel}","templated":true}]}}