{"id":1591,"date":"2021-02-05T12:11:31","date_gmt":"2021-02-05T11:11:31","guid":{"rendered":"https:\/\/tellos.fr\/?p=1591"},"modified":"2021-03-12T11:58:18","modified_gmt":"2021-03-12T10:58:18","slug":"la-communication-au-service-du-groupe","status":"publish","type":"post","link":"https:\/\/tellos.fr\/en\/la-communication-au-service-du-groupe\/","title":{"rendered":"La communication au service du Groupe"},"content":{"rendered":"<p>Dans l\u2019univers du BTP, la communication a longtemps \u00e9t\u00e9 l\u2019apanage des gros groupes.<\/p>\n<p>Elle a permis et permet encore, aussi bien en externe qu\u2019en interne, de rassembler sous une banni\u00e8re commune des filiales de tailles vari\u00e9es, aux activit\u00e9s diverses et dispers\u00e9es g\u00e9ographiquement.<\/p>\n<p>De nos jours, la communication tend \u00e0 int\u00e9grer de plus en plus, et \u00e0 tous les niveaux, l\u2019ensemble des structures du secteur et le <a href=\"https:\/\/tellos.fr\/en\/groupe-tellos\/\">TELLOS Group<\/a> ne manque pas l\u2019appel. Focus sur les atouts de la communication, au service du Groupe.<!--more--><\/p>\n<h3>Un levier de diffusion et de mise en place de synergies<\/h3>\n<h4><strong>Une vision commune qui se construit petit \u00e0 petit<\/strong><\/h4>\n<p>\u201cOn n\u2019est pas Vinci\u00a0!\u201d, \u201cCe n\u2019est que de l\u2019image, \u201cJe n\u2019en vois pas l\u2019utilit\u00e9\u201d\u2026 Que de phrases souvent entendues dans le monde du BTP, essentiellement rythm\u00e9 par les r\u00e9ponses aux appels d\u2019offres publiques, limitant de fait le besoin prospectif\u2026 Mais qu\u2019en est-il vraiment ?<\/p>\n<p>Sur le terrain, on constate que la communication \u201cc\u2019est du beurre dans les \u00e9pinards\u201d. Elle aide \u00e0 la diffusion et l\u2019int\u00e9gration des messages, en externe et en interne, en douceur par la r\u00e9p\u00e9tition, l\u2019esth\u00e9tisme des supports. On distille\u2026<\/p>\n<p>En interne, l\u2019harmonisation des identit\u00e9s de chaque filiale a permis de mettre en avant leur singularit\u00e9 propre tout en appuyant leur appartenance au Groupe et de travailler sous un \u00e9tendard commun au besoin.<\/p>\n<p>Int\u00e9grer les \u00e9quipes dans les r\u00e9flexions autour de la communication, permet d\u2019insuffler \u201cl\u2019esprit Groupe\u201d ! TELLOS va au contact de tous ses salari\u00e9s pour recueillir l\u2019information au plus pr\u00e8s du terrain et la diffuser dans toutes ses soci\u00e9t\u00e9s, mais \u00e9galement \u00e0 l\u2019externe aupr\u00e8s de ses clients, prospects, partenaires\u2026 Les personnes et les m\u00e9tiers sont mis sur le devant de la sc\u00e8ne.<\/p>\n<p>R\u00e9sultat\u00a0: la communication f\u00e9d\u00e8re, valorise et fait circuler l\u2019information. Les interlocuteurs ext\u00e9rieurs r\u00e9agissent aux changements et dans un milieu o\u00f9 ce n\u2019est pas forc\u00e9ment (encore) l\u2019usage, cette pratique d\u00e9note tr\u00e8s vite favorablement.<\/p>\n<p>C\u2019est un vrai travail de fond qui implique la mobilisation et l\u2019adh\u00e9sion des publics internes. Les mentalit\u00e9s et les habitudes changent, la communication n\u2019est pas une affaire de taille, mais une affaire d&rsquo;objectifs et d\u2019int\u00e9gration dans les process quotidiens&#8230;<\/p>\n<h4><strong>Une synergie des outils<\/strong><\/h4>\n<p><strong>\u00a0<\/strong>\u201cEncore un truc pour de la communication ?\u201d, \u201cPersonne ne regarde \u00e7a\u201d, \u201cJe perds du temps\u201d ou encore \u201c Je n\u2019ai pas de temps pour \u00e7a\u201d\u2026 Et pourtant\u2026<\/p>\n<p>Si nous prenons l\u2019exemple d\u2019un appel d\u2019offre, bien que \u201cl\u2019apparence\u201d ne soit absolument pas le crit\u00e8re de d\u00e9cision d\u2019une attribution, \u00e0 offre \u00e9gale la forme de l\u2019offre peut faire basculer la d\u00e9cision car elle sera vecteur d\u2019une image de professionnalisme.<\/p>\n<p>Autre exemple, celui des v\u00e9hicules marqu\u00e9s ; bien que le marquage d\u2019un v\u00e9hicule ne permette pas un retour sur investissement direct, le trafic d\u2019une flotte de voitures \u00e0 l\u2019\u00e9chelle d\u2019une r\u00e9gion avec un message structur\u00e9 de mani\u00e8re similaire aura forc\u00e9ment un impact de notori\u00e9t\u00e9 sur le public.<\/p>\n<p><img loading=\"lazy\" decoding=\"async\" class=\"aligncenter wp-image-1604 size-full\" src=\"https:\/\/tellos.fr\/wp-content\/uploads\/2021\/02\/20200707_174456-scaled.jpg\" alt=\"La communication dans le milieu du BTP\" width=\"1920\" height=\"2560\" srcset=\"https:\/\/tellos.fr\/wp-content\/uploads\/2021\/02\/20200707_174456-scaled.jpg 1920w, https:\/\/tellos.fr\/wp-content\/uploads\/2021\/02\/20200707_174456-225x300.jpg 225w, https:\/\/tellos.fr\/wp-content\/uploads\/2021\/02\/20200707_174456-768x1024.jpg 768w, https:\/\/tellos.fr\/wp-content\/uploads\/2021\/02\/20200707_174456-1152x1536.jpg 1152w, https:\/\/tellos.fr\/wp-content\/uploads\/2021\/02\/20200707_174456-1536x2048.jpg 1536w, https:\/\/tellos.fr\/wp-content\/uploads\/2021\/02\/20200707_174456-9x12.jpg 9w\" sizes=\"auto, (max-width: 1920px) 100vw, 1920px\" \/><\/p>\n<p>Pour ce faire, il faut concevoir la communication et les supports d\u00e9ploy\u00e9s comme de v\u00e9ritables outils qui doivent int\u00e9grer les process quotidiens et ce, \u00e0 diff\u00e9rents stades. Une fois int\u00e9gr\u00e9e dans les habitudes de travail, la communication est un investissement temps qui permet d\u2019en gagner ult\u00e9rieurement.<\/p>\n<p>Chez TELLOS, des fiches de r\u00e9alisations sont mises en avant via les diff\u00e9rents sites internet ce qui implique une collecte de contenu durant les chantiers (photos, descriptifs\u2026), mais chaque filiale et chaque salari\u00e9 dispose surtout d\u2019une base de donn\u00e9es accessible en temps r\u00e9el pour des mises en avant de r\u00e9f\u00e9rences dans les dossiers d\u2019appels d\u2019offres ou un appui lors d\u2019un discours commercial avec un client !<\/p>\n<p>Toute une s\u00e9rie d\u2019outils ont \u00e9t\u00e9 mis en place selon les besoins (gabarits pour les documents \u00e0 r\u00e9aliser en interne r\u00e9ponses aux appels d\u2019offre ou note QSE), les possibilit\u00e9s (marquage v\u00e9hicule), les usages (signal\u00e9tique chantier, plaquette) et l\u2019air du temps (site internet, r\u00e9seaux sociaux Linkedin) pour chaque filiale.<\/p>\n<p><img loading=\"lazy\" decoding=\"async\" class=\"aligncenter wp-image-1607 size-full\" src=\"https:\/\/tellos.fr\/wp-content\/uploads\/2021\/02\/IMG_6267-scaled.jpg\" alt=\"signal\u00e9tique chantier SMTPF\" width=\"2560\" height=\"1920\" srcset=\"https:\/\/tellos.fr\/wp-content\/uploads\/2021\/02\/IMG_6267-scaled.jpg 2560w, https:\/\/tellos.fr\/wp-content\/uploads\/2021\/02\/IMG_6267-300x225.jpg 300w, https:\/\/tellos.fr\/wp-content\/uploads\/2021\/02\/IMG_6267-1024x768.jpg 1024w, https:\/\/tellos.fr\/wp-content\/uploads\/2021\/02\/IMG_6267-768x576.jpg 768w, https:\/\/tellos.fr\/wp-content\/uploads\/2021\/02\/IMG_6267-1536x1152.jpg 1536w, https:\/\/tellos.fr\/wp-content\/uploads\/2021\/02\/IMG_6267-2048x1536.jpg 2048w, https:\/\/tellos.fr\/wp-content\/uploads\/2021\/02\/IMG_6267-16x12.jpg 16w\" sizes=\"auto, (max-width: 2560px) 100vw, 2560px\" \/><\/p>\n<p>M\u00eame si les besoins en communication n\u2019ont pas \u00e9merg\u00e9 tout de suite, les outils ont \u00e9t\u00e9 cr\u00e9es en fonction des demandes de chaque filiale. Une fois r\u00e9alis\u00e9s, ils ont \u00e9t\u00e9 pr\u00e9sent\u00e9s aux autres filiales puis d\u00e9clin\u00e9s \u00e0 discr\u00e9tion. Leur int\u00e9gration ne cesse de prendre de l\u2019ampleur.<\/p>\n<h3>La communication interne cr\u00e9er du lien et donner vie au Groupe<\/h3>\n<h4><strong>Un journal interne pour les salari\u00e9s par les salari\u00e9s\u00a0: TELLOS MAG<\/strong><\/h4>\n<p>\u00ab Le papier est mort ? \u00bb, \u00ab Il ne sera pas lu ? \u00bb\u2026 Eh bien, pas du tout ! Le Groupe TELLOS envoie 2x\/ ans au domicile de ses salari\u00e9s un journal interne.<\/p>\n<p>Alors oui, il n\u2019est pas lu par tous d\u2019un bout \u00e0 l\u2019autre, mais permet de picorer l\u2019information souhait\u00e9e et de d\u00e9velopper le sentiment de faire partie d\u2019un tout travaillant dans le m\u00eame sens.<\/p>\n<p><img loading=\"lazy\" decoding=\"async\" class=\"wp-image-1619 size-large aligncenter\" src=\"https:\/\/tellos.fr\/wp-content\/uploads\/2021\/02\/20201030_104347-recadre-1024x861.jpg\" alt=\"\" width=\"1024\" height=\"861\" srcset=\"https:\/\/tellos.fr\/wp-content\/uploads\/2021\/02\/20201030_104347-recadre-1024x861.jpg 1024w, https:\/\/tellos.fr\/wp-content\/uploads\/2021\/02\/20201030_104347-recadre-300x252.jpg 300w, https:\/\/tellos.fr\/wp-content\/uploads\/2021\/02\/20201030_104347-recadre-768x646.jpg 768w, https:\/\/tellos.fr\/wp-content\/uploads\/2021\/02\/20201030_104347-recadre-1536x1291.jpg 1536w, https:\/\/tellos.fr\/wp-content\/uploads\/2021\/02\/20201030_104347-recadre-2048x1721.jpg 2048w, https:\/\/tellos.fr\/wp-content\/uploads\/2021\/02\/20201030_104347-recadre-14x12.jpg 14w\" sizes=\"auto, (max-width: 1024px) 100vw, 1024px\" \/><\/p>\n<p>Pour satisfaire l\u2019int\u00e9r\u00eat de tous, diff\u00e9rentes th\u00e9matiques ont \u00e9t\u00e9 d\u00e9velopp\u00e9es autour de diff\u00e9rents objectifs :<\/p>\n<ul>\n<li>Th\u00e9matiques : sujets d\u2019innovations, actualit\u00e9s des filiales, informations pratiques (RH, QSE), les \u00ab Visage de TELLOS \u00bb, le carnet rose, les engagements associatifs\u2026<\/li>\n<\/ul>\n<ul>\n<li>Objectifs : mettre des visages sur des noms de personnes qui ne se croisent pas, se tenir inform\u00e9 des prestations et de l\u2019activit\u00e9 de chaque filiale trait\u00e9es sous un angle plus technique, valoriser le travail des salari\u00e9s aupr\u00e8s de leur famille et de l\u2019ensemble du Groupe<\/li>\n<\/ul>\n<p>Des retours terrains sont r\u00e9guli\u00e8rement collect\u00e9s (en partenariat avec le service QSE) afin de perfectionner chaque num\u00e9ro et de rester proche des attentes des salari\u00e9s.<\/p>\n<p>Le carnet rose reste \u00e0 ce jour la rubrique la plus attendue&#8230;<\/p>\n<h4><strong>Linkedin : un mix entre communication interne et externe<\/strong><\/h4>\n<p>\u201cLes r\u00e9seaux sociaux pour le BtoB\u00a0? Pour le b\u00e2timent\u00a0? \u00a0\u00bb\u00a0ou encore \u201cPas de retour sur investissement&#8230;laissons tomber\u00a0\u00bb&#8230; que d\u2019id\u00e9es re\u00e7ues au sujet des r\u00e9seaux sociaux, encore plus au sujet de Linkedin !<\/p>\n<p>Linkedin est LE r\u00e9seau social autour de l\u2019univers du travail.<\/p>\n<p>Il permet de diffuser de l\u2019information dite \u201cchaude\u201d, imm\u00e9diate, et de diffuser les coulisses de certains chantiers. D\u2019ailleurs, de plus en plus de salari\u00e9s suivent et partagent les contenus sur Linkedin. A ce jour plus de 2 000 personnes suivent les diff\u00e9rentes pages du Groupe (en moins de 1 an de mise en place).<\/p>\n<p>Il ne permet certes pas de faire de Business de fa\u00e7on imm\u00e9diate, mais permet de garder le lien avec les collaborateur<span style=\"text-decoration: line-through;\">s<\/span>, de diffuser sa Marque employeur, tout en \u00e9tant valoris\u00e9 aupr\u00e8s des parties prenantes \u00e0 l\u2019externe. Id\u00e9al pour suivre des retours terrain, le fil d\u2019actualit\u00e9 permet \u00e9galement de se tenir inform\u00e9 des actualit\u00e9s des autres filiales.<\/p>\n<p>*source : <a href=\"https:\/\/fr.statista.com\/\">https:\/\/fr.statista.com\/<\/a><\/p>\n<p><img loading=\"lazy\" decoding=\"async\" class=\"wp-image-1594 size-full alignleft\" src=\"https:\/\/tellos.fr\/wp-content\/uploads\/2021\/02\/TELLOS-COMMUNICATION.jpeg\" alt=\"\" width=\"960\" height=\"684\" srcset=\"https:\/\/tellos.fr\/wp-content\/uploads\/2021\/02\/TELLOS-COMMUNICATION.jpeg 960w, https:\/\/tellos.fr\/wp-content\/uploads\/2021\/02\/TELLOS-COMMUNICATION-300x214.jpeg 300w, https:\/\/tellos.fr\/wp-content\/uploads\/2021\/02\/TELLOS-COMMUNICATION-768x547.jpeg 768w, https:\/\/tellos.fr\/wp-content\/uploads\/2021\/02\/TELLOS-COMMUNICATION-16x12.jpeg 16w\" sizes=\"auto, (max-width: 960px) 100vw, 960px\" \/><\/p>\n<p><img loading=\"lazy\" decoding=\"async\" class=\"alignleft wp-image-1595\" src=\"https:\/\/tellos.fr\/wp-content\/uploads\/2021\/02\/Sans-titre.png\" alt=\"les chiffres de linkedin\" width=\"605\" height=\"345\" srcset=\"https:\/\/tellos.fr\/wp-content\/uploads\/2021\/02\/Sans-titre.png 454w, https:\/\/tellos.fr\/wp-content\/uploads\/2021\/02\/Sans-titre-300x171.png 300w, https:\/\/tellos.fr\/wp-content\/uploads\/2021\/02\/Sans-titre-16x9.png 16w\" sizes=\"auto, (max-width: 605px) 100vw, 605px\" \/><\/p>\n<p>&nbsp;<\/p>\n<p>&nbsp;<\/p>\n<p>&nbsp;<\/p>\n<p>&nbsp;<\/p>\n<p>&nbsp;<\/p>\n<p>&nbsp;<\/p>\n<p>&nbsp;<\/p>\n<p>&nbsp;<\/p>\n<p>&nbsp;<\/p>\n<p>&nbsp;<\/p>\n<p>&nbsp;<\/p>\n<p>&nbsp;<\/p>\n<p>&nbsp;<\/p>\n<p>&nbsp;<\/p>\n<p>&nbsp;<\/p>\n<p>&nbsp;<\/p>\n<p>&nbsp;<\/p>\n<p>&nbsp;<\/p>\n<p>&nbsp;<\/p>\n<p>&nbsp;<\/p>\n<p>&nbsp;<\/p>\n<p>&nbsp;<\/p>\n<p>&nbsp;<\/p>\n<p>&nbsp;<\/p>\n<p>&nbsp;<\/p>\n<p>&nbsp;<\/p>\n<p>&nbsp;<\/p>\n<p>&nbsp;<\/p>\n<p>Au-del\u00e0 de tous ces outils mise en place, le Groupe poursuit son d\u00e9veloppement soutenu au besoin par des actions de communication sp\u00e9cifiques.<\/p>\n<p>Une chose est s\u00fbre, digitalisation ou pas, la communication a toute sa place et son int\u00e9r\u00eat dans l\u2019univers du BTP. Parce que non, la communication n\u2019est pas une perte de temps\u2026 \u00e0 condition de bien la penser.<\/p>","protected":false},"excerpt":{"rendered":"<p>Dans l\u2019univers du BTP, la communication a longtemps \u00e9t\u00e9 l\u2019apanage des gros groupes. Elle a permis et permet encore, aussi bien en externe qu\u2019en interne, de rassembler sous une banni\u00e8re commune des filiales de tailles vari\u00e9es, aux activit\u00e9s diverses et dispers\u00e9es g\u00e9ographiquement. De nos jours, la communication tend \u00e0 int\u00e9grer de plus en plus, et [&hellip;]<\/p>\n","protected":false},"author":11,"featured_media":1619,"comment_status":"open","ping_status":"closed","sticky":false,"template":"","format":"standard","meta":{"_acf_changed":false,"footnotes":""},"categories":[5],"tags":[],"class_list":["post-1591","post","type-post","status-publish","format-standard","has-post-thumbnail","hentry","category-groupe"],"acf":[],"yoast_head":"<!-- This site is optimized with the Yoast SEO plugin v27.1.1 - https:\/\/yoast.com\/product\/yoast-seo-wordpress\/ -->\n<title>La communication au service du Groupe TELLOS et du BTP<\/title>\n<meta name=\"description\" content=\"La communication au service du Groupe TELLOS et du BTP : focus sur les atouts de la communication et ce, dans tous les secteurs\" \/>\n<meta name=\"robots\" content=\"index, follow, max-snippet:-1, max-image-preview:large, max-video-preview:-1\" \/>\n<link rel=\"canonical\" href=\"https:\/\/tellos.fr\/en\/la-communication-au-service-du-groupe\/\" \/>\n<meta property=\"og:locale\" content=\"en_GB\" \/>\n<meta property=\"og:type\" content=\"article\" \/>\n<meta property=\"og:title\" content=\"La communication au service du Groupe TELLOS et du BTP\" \/>\n<meta property=\"og:description\" content=\"La communication au service du Groupe TELLOS et du BTP : focus sur les atouts de la communication et ce, dans tous les secteurs\" \/>\n<meta property=\"og:url\" content=\"https:\/\/tellos.fr\/en\/la-communication-au-service-du-groupe\/\" \/>\n<meta property=\"og:site_name\" content=\"Tellos\" \/>\n<meta property=\"article:published_time\" content=\"2021-02-05T11:11:31+00:00\" \/>\n<meta property=\"article:modified_time\" content=\"2021-03-12T10:58:18+00:00\" \/>\n<meta property=\"og:image\" content=\"https:\/\/tellos.fr\/wp-content\/uploads\/2021\/02\/20201030_104347-recadre-1024x861.jpg\" \/>\n\t<meta property=\"og:image:width\" content=\"1024\" \/>\n\t<meta property=\"og:image:height\" content=\"861\" \/>\n\t<meta property=\"og:image:type\" content=\"image\/jpeg\" \/>\n<meta name=\"author\" content=\"communication_tellos\" \/>\n<meta name=\"twitter:card\" content=\"summary_large_image\" \/>\n<meta name=\"twitter:label1\" content=\"Written by\" \/>\n\t<meta name=\"twitter:data1\" content=\"communication_tellos\" \/>\n\t<meta name=\"twitter:label2\" content=\"Est. reading time\" \/>\n\t<meta name=\"twitter:data2\" content=\"6 minutes\" \/>\n<script type=\"application\/ld+json\" class=\"yoast-schema-graph\">{\"@context\":\"https:\/\/schema.org\",\"@graph\":[{\"@type\":\"Article\",\"@id\":\"https:\/\/tellos.fr\/la-communication-au-service-du-groupe\/#article\",\"isPartOf\":{\"@id\":\"https:\/\/tellos.fr\/la-communication-au-service-du-groupe\/\"},\"author\":{\"name\":\"communication_tellos\",\"@id\":\"https:\/\/tellos.fr\/#\/schema\/person\/312488aed2da9d14356b502540930642\"},\"headline\":\"La communication au service du Groupe\",\"datePublished\":\"2021-02-05T11:11:31+00:00\",\"dateModified\":\"2021-03-12T10:58:18+00:00\",\"mainEntityOfPage\":{\"@id\":\"https:\/\/tellos.fr\/la-communication-au-service-du-groupe\/\"},\"wordCount\":1292,\"commentCount\":0,\"image\":{\"@id\":\"https:\/\/tellos.fr\/la-communication-au-service-du-groupe\/#primaryimage\"},\"thumbnailUrl\":\"https:\/\/tellos.fr\/wp-content\/uploads\/2021\/02\/20201030_104347-recadre.jpg\",\"articleSection\":[\"Groupe\"],\"inLanguage\":\"en-GB\",\"potentialAction\":[{\"@type\":\"CommentAction\",\"name\":\"Comment\",\"target\":[\"https:\/\/tellos.fr\/la-communication-au-service-du-groupe\/#respond\"]}]},{\"@type\":\"WebPage\",\"@id\":\"https:\/\/tellos.fr\/la-communication-au-service-du-groupe\/\",\"url\":\"https:\/\/tellos.fr\/la-communication-au-service-du-groupe\/\",\"name\":\"La communication au service du Groupe TELLOS et du BTP\",\"isPartOf\":{\"@id\":\"https:\/\/tellos.fr\/#website\"},\"primaryImageOfPage\":{\"@id\":\"https:\/\/tellos.fr\/la-communication-au-service-du-groupe\/#primaryimage\"},\"image\":{\"@id\":\"https:\/\/tellos.fr\/la-communication-au-service-du-groupe\/#primaryimage\"},\"thumbnailUrl\":\"https:\/\/tellos.fr\/wp-content\/uploads\/2021\/02\/20201030_104347-recadre.jpg\",\"datePublished\":\"2021-02-05T11:11:31+00:00\",\"dateModified\":\"2021-03-12T10:58:18+00:00\",\"author\":{\"@id\":\"https:\/\/tellos.fr\/#\/schema\/person\/312488aed2da9d14356b502540930642\"},\"description\":\"La communication au service du Groupe TELLOS et du BTP : focus sur les atouts de la communication et ce, dans tous les secteurs\",\"inLanguage\":\"en-GB\",\"potentialAction\":[{\"@type\":\"ReadAction\",\"target\":[\"https:\/\/tellos.fr\/la-communication-au-service-du-groupe\/\"]}]},{\"@type\":\"ImageObject\",\"inLanguage\":\"en-GB\",\"@id\":\"https:\/\/tellos.fr\/la-communication-au-service-du-groupe\/#primaryimage\",\"url\":\"https:\/\/tellos.fr\/wp-content\/uploads\/2021\/02\/20201030_104347-recadre.jpg\",\"contentUrl\":\"https:\/\/tellos.fr\/wp-content\/uploads\/2021\/02\/20201030_104347-recadre.jpg\",\"width\":2327,\"height\":1956},{\"@type\":\"WebSite\",\"@id\":\"https:\/\/tellos.fr\/#website\",\"url\":\"https:\/\/tellos.fr\/\",\"name\":\"Tellos\",\"description\":\"Nos \u00e9nergies, vos r\u00e9seaux\",\"potentialAction\":[{\"@type\":\"SearchAction\",\"target\":{\"@type\":\"EntryPoint\",\"urlTemplate\":\"https:\/\/tellos.fr\/?s={search_term_string}\"},\"query-input\":{\"@type\":\"PropertyValueSpecification\",\"valueRequired\":true,\"valueName\":\"search_term_string\"}}],\"inLanguage\":\"en-GB\"},{\"@type\":\"Person\",\"@id\":\"https:\/\/tellos.fr\/#\/schema\/person\/312488aed2da9d14356b502540930642\",\"name\":\"communication_tellos\",\"url\":\"https:\/\/tellos.fr\/en\/author\/communication_tellos\/\"}]}<\/script>\n<!-- \/ Yoast SEO plugin. -->","yoast_head_json":{"title":"La communication au service du Groupe TELLOS et du BTP","description":"La communication au service du Groupe TELLOS et du BTP : focus sur les atouts de la communication et ce, dans tous les secteurs","robots":{"index":"index","follow":"follow","max-snippet":"max-snippet:-1","max-image-preview":"max-image-preview:large","max-video-preview":"max-video-preview:-1"},"canonical":"https:\/\/tellos.fr\/en\/la-communication-au-service-du-groupe\/","og_locale":"en_GB","og_type":"article","og_title":"La communication au service du Groupe TELLOS et du BTP","og_description":"La communication au service du Groupe TELLOS et du BTP : focus sur les atouts de la communication et ce, dans tous les secteurs","og_url":"https:\/\/tellos.fr\/en\/la-communication-au-service-du-groupe\/","og_site_name":"Tellos","article_published_time":"2021-02-05T11:11:31+00:00","article_modified_time":"2021-03-12T10:58:18+00:00","og_image":[{"width":1024,"height":861,"url":"https:\/\/tellos.fr\/wp-content\/uploads\/2021\/02\/20201030_104347-recadre-1024x861.jpg","type":"image\/jpeg"}],"author":"communication_tellos","twitter_card":"summary_large_image","twitter_misc":{"Written by":"communication_tellos","Est. reading time":"6 minutes"},"schema":{"@context":"https:\/\/schema.org","@graph":[{"@type":"Article","@id":"https:\/\/tellos.fr\/la-communication-au-service-du-groupe\/#article","isPartOf":{"@id":"https:\/\/tellos.fr\/la-communication-au-service-du-groupe\/"},"author":{"name":"communication_tellos","@id":"https:\/\/tellos.fr\/#\/schema\/person\/312488aed2da9d14356b502540930642"},"headline":"La communication au service du Groupe","datePublished":"2021-02-05T11:11:31+00:00","dateModified":"2021-03-12T10:58:18+00:00","mainEntityOfPage":{"@id":"https:\/\/tellos.fr\/la-communication-au-service-du-groupe\/"},"wordCount":1292,"commentCount":0,"image":{"@id":"https:\/\/tellos.fr\/la-communication-au-service-du-groupe\/#primaryimage"},"thumbnailUrl":"https:\/\/tellos.fr\/wp-content\/uploads\/2021\/02\/20201030_104347-recadre.jpg","articleSection":["Groupe"],"inLanguage":"en-GB","potentialAction":[{"@type":"CommentAction","name":"Comment","target":["https:\/\/tellos.fr\/la-communication-au-service-du-groupe\/#respond"]}]},{"@type":"WebPage","@id":"https:\/\/tellos.fr\/la-communication-au-service-du-groupe\/","url":"https:\/\/tellos.fr\/la-communication-au-service-du-groupe\/","name":"La communication au service du Groupe TELLOS et du BTP","isPartOf":{"@id":"https:\/\/tellos.fr\/#website"},"primaryImageOfPage":{"@id":"https:\/\/tellos.fr\/la-communication-au-service-du-groupe\/#primaryimage"},"image":{"@id":"https:\/\/tellos.fr\/la-communication-au-service-du-groupe\/#primaryimage"},"thumbnailUrl":"https:\/\/tellos.fr\/wp-content\/uploads\/2021\/02\/20201030_104347-recadre.jpg","datePublished":"2021-02-05T11:11:31+00:00","dateModified":"2021-03-12T10:58:18+00:00","author":{"@id":"https:\/\/tellos.fr\/#\/schema\/person\/312488aed2da9d14356b502540930642"},"description":"La communication au service du Groupe TELLOS et du BTP : focus sur les atouts de la communication et ce, dans tous les secteurs","inLanguage":"en-GB","potentialAction":[{"@type":"ReadAction","target":["https:\/\/tellos.fr\/la-communication-au-service-du-groupe\/"]}]},{"@type":"ImageObject","inLanguage":"en-GB","@id":"https:\/\/tellos.fr\/la-communication-au-service-du-groupe\/#primaryimage","url":"https:\/\/tellos.fr\/wp-content\/uploads\/2021\/02\/20201030_104347-recadre.jpg","contentUrl":"https:\/\/tellos.fr\/wp-content\/uploads\/2021\/02\/20201030_104347-recadre.jpg","width":2327,"height":1956},{"@type":"WebSite","@id":"https:\/\/tellos.fr\/#website","url":"https:\/\/tellos.fr\/","name":"Tellos","description":"Nos \u00e9nergies, vos r\u00e9seaux","potentialAction":[{"@type":"SearchAction","target":{"@type":"EntryPoint","urlTemplate":"https:\/\/tellos.fr\/?s={search_term_string}"},"query-input":{"@type":"PropertyValueSpecification","valueRequired":true,"valueName":"search_term_string"}}],"inLanguage":"en-GB"},{"@type":"Person","@id":"https:\/\/tellos.fr\/#\/schema\/person\/312488aed2da9d14356b502540930642","name":"communication_tellos","url":"https:\/\/tellos.fr\/en\/author\/communication_tellos\/"}]}},"_links":{"self":[{"href":"https:\/\/tellos.fr\/en\/wp-json\/wp\/v2\/posts\/1591","targetHints":{"allow":["GET"]}}],"collection":[{"href":"https:\/\/tellos.fr\/en\/wp-json\/wp\/v2\/posts"}],"about":[{"href":"https:\/\/tellos.fr\/en\/wp-json\/wp\/v2\/types\/post"}],"author":[{"embeddable":true,"href":"https:\/\/tellos.fr\/en\/wp-json\/wp\/v2\/users\/11"}],"replies":[{"embeddable":true,"href":"https:\/\/tellos.fr\/en\/wp-json\/wp\/v2\/comments?post=1591"}],"version-history":[{"count":13,"href":"https:\/\/tellos.fr\/en\/wp-json\/wp\/v2\/posts\/1591\/revisions"}],"predecessor-version":[{"id":1620,"href":"https:\/\/tellos.fr\/en\/wp-json\/wp\/v2\/posts\/1591\/revisions\/1620"}],"wp:featuredmedia":[{"embeddable":true,"href":"https:\/\/tellos.fr\/en\/wp-json\/wp\/v2\/media\/1619"}],"wp:attachment":[{"href":"https:\/\/tellos.fr\/en\/wp-json\/wp\/v2\/media?parent=1591"}],"wp:term":[{"taxonomy":"category","embeddable":true,"href":"https:\/\/tellos.fr\/en\/wp-json\/wp\/v2\/categories?post=1591"},{"taxonomy":"post_tag","embeddable":true,"href":"https:\/\/tellos.fr\/en\/wp-json\/wp\/v2\/tags?post=1591"}],"curies":[{"name":"wp","href":"https:\/\/api.w.org\/{rel}","templated":true}]}}