{"id":1382,"date":"2020-07-13T14:39:32","date_gmt":"2020-07-13T12:39:32","guid":{"rendered":"https:\/\/tellos.fr\/?p=1382"},"modified":"2020-12-15T10:11:23","modified_gmt":"2020-12-15T09:11:23","slug":"le-groupe-tellos-sequipe-en-bornes-et-vehicules-electriques","status":"publish","type":"post","link":"https:\/\/tellos.fr\/en\/le-groupe-tellos-sequipe-en-bornes-et-vehicules-electriques\/","title":{"rendered":"Le Groupe TELLOS s&rsquo;\u00e9quipe en bornes et v\u00e9hicules \u00e9lectriques"},"content":{"rendered":"<p>Conscient des enjeux li\u00e9s \u00e0 la transition \u00e9nerg\u00e9tique, le <strong>TELLOS Group<\/strong> a mis en place, sur le parking de son si\u00e8ge \u00e0 Herrlisheim, des bornes de charge de v\u00e9hicules \u00e9lectriques destin\u00e9s aux d\u00e9placements professionnels de ses salari\u00e9s.<\/p>\n<p><!--more--><\/p>\n<p><span style=\"font-weight: 400;\">Expert entre autres dans les r\u00e9seaux \u00e9lectriques, le<\/span><b> TELLOS Group<\/b><span style=\"font-weight: 400;\"> a fait cette mise en place d\u00e9but d\u2019ann\u00e9e. Elle s\u2019accompagne de l&rsquo;acquisition et la mise en circulation de plusieurs v\u00e9hicules \u00e9lectriques.<\/span><\/p>\n<p><span style=\"font-weight: 400;\">Un plus ample d\u00e9ploiement en interne est pr\u00e9vu \u00e0 moyen terme. De plus, plusieurs collectivit\u00e9s ont d\u00e9j\u00e0 accord\u00e9 leur confiance au Groupe TELLOS pour \u00e9quiper leur territoire de points de charges. Ces installations sont de plus en plus pl\u00e9biscit\u00e9es et la demande \u00e9volue vers des solutions cl\u00e9s en main auxquelles le Groupe peut parfaitement r\u00e9pondre.<\/span><\/p>\n<p><span style=\"font-weight: 400;\">Une chose est s\u00fbre, cela ne fait que commencer et la mobilit\u00e9 est amen\u00e9e \u00e0 devenir toujours plus verte !<\/span><\/p>\n<p>Un projet d\u2019installation de bornes \u00e9lectriques pour votre entreprise ou votre collectivit\u00e9 ? Le <strong>TELLOS Group<\/strong> saura vous guider ! Pour toute demande, rendez-vous dans notre rubrique <a href=\"https:\/\/tellos.fr\/en\/contact\/\"><strong>contact.<\/strong><\/a><\/p>\n<p><img loading=\"lazy\" decoding=\"async\" class=\"alignnone size-full wp-image-1432\" src=\"https:\/\/tellos.fr\/wp-content\/uploads\/2020\/05\/20200617_102123-scaled.jpg\" alt=\"\" width=\"1920\" height=\"2560\" srcset=\"https:\/\/tellos.fr\/wp-content\/uploads\/2020\/05\/20200617_102123-scaled.jpg 1920w, https:\/\/tellos.fr\/wp-content\/uploads\/2020\/05\/20200617_102123-225x300.jpg 225w, https:\/\/tellos.fr\/wp-content\/uploads\/2020\/05\/20200617_102123-768x1024.jpg 768w, https:\/\/tellos.fr\/wp-content\/uploads\/2020\/05\/20200617_102123-1152x1536.jpg 1152w, https:\/\/tellos.fr\/wp-content\/uploads\/2020\/05\/20200617_102123-1536x2048.jpg 1536w\" sizes=\"auto, (max-width: 1920px) 100vw, 1920px\" \/><\/p>","protected":false},"excerpt":{"rendered":"<p>Conscient des enjeux li\u00e9s \u00e0 la transition \u00e9nerg\u00e9tique, le Groupe TELLOS a mis en place, sur le parking de son si\u00e8ge \u00e0 Herrlisheim, des bornes de charge de v\u00e9hicules \u00e9lectriques destin\u00e9s aux d\u00e9placements professionnels de ses salari\u00e9s.<\/p>","protected":false},"author":11,"featured_media":1570,"comment_status":"open","ping_status":"closed","sticky":false,"template":"","format":"standard","meta":{"_acf_changed":false,"footnotes":""},"categories":[7,4],"tags":[53],"class_list":["post-1382","post","type-post","status-publish","format-standard","has-post-thumbnail","hentry","category-innovons","category-realisations","tag-groupe-tellos"],"acf":[],"yoast_head":"<!-- This site is optimized with the Yoast SEO plugin v27.1.1 - https:\/\/yoast.com\/product\/yoast-seo-wordpress\/ -->\n<title>Bornes \u00e9lectriques install\u00e9es par et pour le Groupe Tellos<\/title>\n<meta name=\"description\" content=\"Conscient des enjeux li\u00e9s \u00e0 la transition \u00e9nerg\u00e9tique, le Groupe s&#039;est \u00e9quip\u00e9 de bornes et de v\u00e9hicules \u00e9lectriques pour les d\u00e9placements professionnels de ses salari\u00e9s.\" \/>\n<meta name=\"robots\" content=\"index, follow, max-snippet:-1, max-image-preview:large, max-video-preview:-1\" \/>\n<link rel=\"canonical\" href=\"https:\/\/tellos.fr\/en\/le-groupe-tellos-sequipe-en-bornes-et-vehicules-electriques\/\" \/>\n<meta property=\"og:locale\" content=\"en_GB\" \/>\n<meta property=\"og:type\" content=\"article\" \/>\n<meta property=\"og:title\" content=\"Bornes \u00e9lectriques install\u00e9es par et pour le Groupe Tellos\" \/>\n<meta property=\"og:description\" content=\"Conscient des enjeux li\u00e9s \u00e0 la transition \u00e9nerg\u00e9tique, le Groupe s&#039;est \u00e9quip\u00e9 de bornes et de v\u00e9hicules \u00e9lectriques pour les d\u00e9placements professionnels de ses salari\u00e9s.\" \/>\n<meta property=\"og:url\" content=\"https:\/\/tellos.fr\/en\/le-groupe-tellos-sequipe-en-bornes-et-vehicules-electriques\/\" \/>\n<meta property=\"og:site_name\" content=\"Tellos\" \/>\n<meta property=\"article:published_time\" content=\"2020-07-13T12:39:32+00:00\" \/>\n<meta property=\"article:modified_time\" content=\"2020-12-15T09:11:23+00:00\" \/>\n<meta property=\"og:image\" content=\"https:\/\/tellos.fr\/wp-content\/uploads\/2020\/07\/vehicule-elec-2.jpg\" \/>\n\t<meta property=\"og:image:width\" content=\"1080\" \/>\n\t<meta property=\"og:image:height\" content=\"583\" \/>\n\t<meta property=\"og:image:type\" content=\"image\/jpeg\" \/>\n<meta name=\"author\" content=\"communication_tellos\" \/>\n<meta name=\"twitter:card\" content=\"summary_large_image\" \/>\n<meta name=\"twitter:label1\" content=\"Written by\" \/>\n\t<meta name=\"twitter:data1\" content=\"communication_tellos\" \/>\n\t<meta name=\"twitter:label2\" content=\"Est. reading time\" \/>\n\t<meta name=\"twitter:data2\" content=\"1 minute\" \/>\n<script type=\"application\/ld+json\" class=\"yoast-schema-graph\">{\"@context\":\"https:\/\/schema.org\",\"@graph\":[{\"@type\":\"Article\",\"@id\":\"https:\/\/tellos.fr\/le-groupe-tellos-sequipe-en-bornes-et-vehicules-electriques\/#article\",\"isPartOf\":{\"@id\":\"https:\/\/tellos.fr\/le-groupe-tellos-sequipe-en-bornes-et-vehicules-electriques\/\"},\"author\":{\"name\":\"communication_tellos\",\"@id\":\"https:\/\/tellos.fr\/#\/schema\/person\/312488aed2da9d14356b502540930642\"},\"headline\":\"Le Groupe TELLOS s&rsquo;\u00e9quipe en bornes et v\u00e9hicules \u00e9lectriques\",\"datePublished\":\"2020-07-13T12:39:32+00:00\",\"dateModified\":\"2020-12-15T09:11:23+00:00\",\"mainEntityOfPage\":{\"@id\":\"https:\/\/tellos.fr\/le-groupe-tellos-sequipe-en-bornes-et-vehicules-electriques\/\"},\"wordCount\":200,\"commentCount\":0,\"image\":{\"@id\":\"https:\/\/tellos.fr\/le-groupe-tellos-sequipe-en-bornes-et-vehicules-electriques\/#primaryimage\"},\"thumbnailUrl\":\"https:\/\/tellos.fr\/wp-content\/uploads\/2020\/07\/vehicule-elec-2.jpg\",\"keywords\":[\"Groupe Tellos\"],\"articleSection\":[\"Innovons\",\"R\u00e9alisations\"],\"inLanguage\":\"en-GB\",\"potentialAction\":[{\"@type\":\"CommentAction\",\"name\":\"Comment\",\"target\":[\"https:\/\/tellos.fr\/le-groupe-tellos-sequipe-en-bornes-et-vehicules-electriques\/#respond\"]}]},{\"@type\":\"WebPage\",\"@id\":\"https:\/\/tellos.fr\/le-groupe-tellos-sequipe-en-bornes-et-vehicules-electriques\/\",\"url\":\"https:\/\/tellos.fr\/le-groupe-tellos-sequipe-en-bornes-et-vehicules-electriques\/\",\"name\":\"Bornes \u00e9lectriques install\u00e9es par et pour le Groupe Tellos\",\"isPartOf\":{\"@id\":\"https:\/\/tellos.fr\/#website\"},\"primaryImageOfPage\":{\"@id\":\"https:\/\/tellos.fr\/le-groupe-tellos-sequipe-en-bornes-et-vehicules-electriques\/#primaryimage\"},\"image\":{\"@id\":\"https:\/\/tellos.fr\/le-groupe-tellos-sequipe-en-bornes-et-vehicules-electriques\/#primaryimage\"},\"thumbnailUrl\":\"https:\/\/tellos.fr\/wp-content\/uploads\/2020\/07\/vehicule-elec-2.jpg\",\"datePublished\":\"2020-07-13T12:39:32+00:00\",\"dateModified\":\"2020-12-15T09:11:23+00:00\",\"author\":{\"@id\":\"https:\/\/tellos.fr\/#\/schema\/person\/312488aed2da9d14356b502540930642\"},\"description\":\"Conscient des enjeux li\u00e9s \u00e0 la transition \u00e9nerg\u00e9tique, le Groupe s'est \u00e9quip\u00e9 de bornes et de v\u00e9hicules \u00e9lectriques pour les d\u00e9placements professionnels de ses salari\u00e9s.\",\"inLanguage\":\"en-GB\",\"potentialAction\":[{\"@type\":\"ReadAction\",\"target\":[\"https:\/\/tellos.fr\/le-groupe-tellos-sequipe-en-bornes-et-vehicules-electriques\/\"]}]},{\"@type\":\"ImageObject\",\"inLanguage\":\"en-GB\",\"@id\":\"https:\/\/tellos.fr\/le-groupe-tellos-sequipe-en-bornes-et-vehicules-electriques\/#primaryimage\",\"url\":\"https:\/\/tellos.fr\/wp-content\/uploads\/2020\/07\/vehicule-elec-2.jpg\",\"contentUrl\":\"https:\/\/tellos.fr\/wp-content\/uploads\/2020\/07\/vehicule-elec-2.jpg\",\"width\":1080,\"height\":583},{\"@type\":\"WebSite\",\"@id\":\"https:\/\/tellos.fr\/#website\",\"url\":\"https:\/\/tellos.fr\/\",\"name\":\"Tellos\",\"description\":\"Nos \u00e9nergies, vos r\u00e9seaux\",\"potentialAction\":[{\"@type\":\"SearchAction\",\"target\":{\"@type\":\"EntryPoint\",\"urlTemplate\":\"https:\/\/tellos.fr\/?s={search_term_string}\"},\"query-input\":{\"@type\":\"PropertyValueSpecification\",\"valueRequired\":true,\"valueName\":\"search_term_string\"}}],\"inLanguage\":\"en-GB\"},{\"@type\":\"Person\",\"@id\":\"https:\/\/tellos.fr\/#\/schema\/person\/312488aed2da9d14356b502540930642\",\"name\":\"communication_tellos\",\"url\":\"https:\/\/tellos.fr\/en\/author\/communication_tellos\/\"}]}<\/script>\n<!-- \/ Yoast SEO plugin. -->","yoast_head_json":{"title":"Bornes \u00e9lectriques install\u00e9es par et pour le Groupe Tellos","description":"Conscient des enjeux li\u00e9s \u00e0 la transition \u00e9nerg\u00e9tique, le Groupe s'est \u00e9quip\u00e9 de bornes et de v\u00e9hicules \u00e9lectriques pour les d\u00e9placements professionnels de ses salari\u00e9s.","robots":{"index":"index","follow":"follow","max-snippet":"max-snippet:-1","max-image-preview":"max-image-preview:large","max-video-preview":"max-video-preview:-1"},"canonical":"https:\/\/tellos.fr\/en\/le-groupe-tellos-sequipe-en-bornes-et-vehicules-electriques\/","og_locale":"en_GB","og_type":"article","og_title":"Bornes \u00e9lectriques install\u00e9es par et pour le Groupe Tellos","og_description":"Conscient des enjeux li\u00e9s \u00e0 la transition \u00e9nerg\u00e9tique, le Groupe s'est \u00e9quip\u00e9 de bornes et de v\u00e9hicules \u00e9lectriques pour les d\u00e9placements professionnels de ses salari\u00e9s.","og_url":"https:\/\/tellos.fr\/en\/le-groupe-tellos-sequipe-en-bornes-et-vehicules-electriques\/","og_site_name":"Tellos","article_published_time":"2020-07-13T12:39:32+00:00","article_modified_time":"2020-12-15T09:11:23+00:00","og_image":[{"width":1080,"height":583,"url":"https:\/\/tellos.fr\/wp-content\/uploads\/2020\/07\/vehicule-elec-2.jpg","type":"image\/jpeg"}],"author":"communication_tellos","twitter_card":"summary_large_image","twitter_misc":{"Written by":"communication_tellos","Est. reading time":"1 minute"},"schema":{"@context":"https:\/\/schema.org","@graph":[{"@type":"Article","@id":"https:\/\/tellos.fr\/le-groupe-tellos-sequipe-en-bornes-et-vehicules-electriques\/#article","isPartOf":{"@id":"https:\/\/tellos.fr\/le-groupe-tellos-sequipe-en-bornes-et-vehicules-electriques\/"},"author":{"name":"communication_tellos","@id":"https:\/\/tellos.fr\/#\/schema\/person\/312488aed2da9d14356b502540930642"},"headline":"Le Groupe TELLOS s&rsquo;\u00e9quipe en bornes et v\u00e9hicules \u00e9lectriques","datePublished":"2020-07-13T12:39:32+00:00","dateModified":"2020-12-15T09:11:23+00:00","mainEntityOfPage":{"@id":"https:\/\/tellos.fr\/le-groupe-tellos-sequipe-en-bornes-et-vehicules-electriques\/"},"wordCount":200,"commentCount":0,"image":{"@id":"https:\/\/tellos.fr\/le-groupe-tellos-sequipe-en-bornes-et-vehicules-electriques\/#primaryimage"},"thumbnailUrl":"https:\/\/tellos.fr\/wp-content\/uploads\/2020\/07\/vehicule-elec-2.jpg","keywords":["Groupe Tellos"],"articleSection":["Innovons","R\u00e9alisations"],"inLanguage":"en-GB","potentialAction":[{"@type":"CommentAction","name":"Comment","target":["https:\/\/tellos.fr\/le-groupe-tellos-sequipe-en-bornes-et-vehicules-electriques\/#respond"]}]},{"@type":"WebPage","@id":"https:\/\/tellos.fr\/le-groupe-tellos-sequipe-en-bornes-et-vehicules-electriques\/","url":"https:\/\/tellos.fr\/le-groupe-tellos-sequipe-en-bornes-et-vehicules-electriques\/","name":"Bornes \u00e9lectriques install\u00e9es par et pour le Groupe Tellos","isPartOf":{"@id":"https:\/\/tellos.fr\/#website"},"primaryImageOfPage":{"@id":"https:\/\/tellos.fr\/le-groupe-tellos-sequipe-en-bornes-et-vehicules-electriques\/#primaryimage"},"image":{"@id":"https:\/\/tellos.fr\/le-groupe-tellos-sequipe-en-bornes-et-vehicules-electriques\/#primaryimage"},"thumbnailUrl":"https:\/\/tellos.fr\/wp-content\/uploads\/2020\/07\/vehicule-elec-2.jpg","datePublished":"2020-07-13T12:39:32+00:00","dateModified":"2020-12-15T09:11:23+00:00","author":{"@id":"https:\/\/tellos.fr\/#\/schema\/person\/312488aed2da9d14356b502540930642"},"description":"Conscient des enjeux li\u00e9s \u00e0 la transition \u00e9nerg\u00e9tique, le Groupe s'est \u00e9quip\u00e9 de bornes et de v\u00e9hicules \u00e9lectriques pour les d\u00e9placements professionnels de ses salari\u00e9s.","inLanguage":"en-GB","potentialAction":[{"@type":"ReadAction","target":["https:\/\/tellos.fr\/le-groupe-tellos-sequipe-en-bornes-et-vehicules-electriques\/"]}]},{"@type":"ImageObject","inLanguage":"en-GB","@id":"https:\/\/tellos.fr\/le-groupe-tellos-sequipe-en-bornes-et-vehicules-electriques\/#primaryimage","url":"https:\/\/tellos.fr\/wp-content\/uploads\/2020\/07\/vehicule-elec-2.jpg","contentUrl":"https:\/\/tellos.fr\/wp-content\/uploads\/2020\/07\/vehicule-elec-2.jpg","width":1080,"height":583},{"@type":"WebSite","@id":"https:\/\/tellos.fr\/#website","url":"https:\/\/tellos.fr\/","name":"Tellos","description":"Nos \u00e9nergies, vos r\u00e9seaux","potentialAction":[{"@type":"SearchAction","target":{"@type":"EntryPoint","urlTemplate":"https:\/\/tellos.fr\/?s={search_term_string}"},"query-input":{"@type":"PropertyValueSpecification","valueRequired":true,"valueName":"search_term_string"}}],"inLanguage":"en-GB"},{"@type":"Person","@id":"https:\/\/tellos.fr\/#\/schema\/person\/312488aed2da9d14356b502540930642","name":"communication_tellos","url":"https:\/\/tellos.fr\/en\/author\/communication_tellos\/"}]}},"_links":{"self":[{"href":"https:\/\/tellos.fr\/en\/wp-json\/wp\/v2\/posts\/1382","targetHints":{"allow":["GET"]}}],"collection":[{"href":"https:\/\/tellos.fr\/en\/wp-json\/wp\/v2\/posts"}],"about":[{"href":"https:\/\/tellos.fr\/en\/wp-json\/wp\/v2\/types\/post"}],"author":[{"embeddable":true,"href":"https:\/\/tellos.fr\/en\/wp-json\/wp\/v2\/users\/11"}],"replies":[{"embeddable":true,"href":"https:\/\/tellos.fr\/en\/wp-json\/wp\/v2\/comments?post=1382"}],"version-history":[{"count":19,"href":"https:\/\/tellos.fr\/en\/wp-json\/wp\/v2\/posts\/1382\/revisions"}],"predecessor-version":[{"id":1460,"href":"https:\/\/tellos.fr\/en\/wp-json\/wp\/v2\/posts\/1382\/revisions\/1460"}],"wp:featuredmedia":[{"embeddable":true,"href":"https:\/\/tellos.fr\/en\/wp-json\/wp\/v2\/media\/1570"}],"wp:attachment":[{"href":"https:\/\/tellos.fr\/en\/wp-json\/wp\/v2\/media?parent=1382"}],"wp:term":[{"taxonomy":"category","embeddable":true,"href":"https:\/\/tellos.fr\/en\/wp-json\/wp\/v2\/categories?post=1382"},{"taxonomy":"post_tag","embeddable":true,"href":"https:\/\/tellos.fr\/en\/wp-json\/wp\/v2\/tags?post=1382"}],"curies":[{"name":"wp","href":"https:\/\/api.w.org\/{rel}","templated":true}]}}